{"id":5283,"date":"2025-08-27T12:22:00","date_gmt":"2025-08-27T15:22:00","guid":{"rendered":"https:\/\/vecinosdelinterior.com\/?p=5283"},"modified":"2025-08-28T12:23:13","modified_gmt":"2025-08-28T15:23:13","slug":"villa-de-merlo-se-incendio-un-vehiculo-en-ruta-provincial-5-por-un-desperfecto-mecanico","status":"publish","type":"post","link":"https:\/\/vecinosdelinterior.com\/index.php\/2025\/08\/27\/villa-de-merlo-se-incendio-un-vehiculo-en-ruta-provincial-5-por-un-desperfecto-mecanico\/","title":{"rendered":"Villa de Merlo: se incendi\u00f3 un veh\u00edculo en ruta provincial 5 por un desperfecto mec\u00e1nico"},"content":{"rendered":"\n<p>VECINOSDELINTERIOR.COM \/ 27 DE AGOSTO<br>Una furgoneta Citro\u00ebn Berlingo se incendi\u00f3 este martes sobre la banquina de la ruta provincial 5 en Villa de Merlo, tras un desperfecto en el tablero del lado del acompa\u00f1ante.<br>Un hombre de 45 a\u00f1os, con domicilio en San Javier, C\u00f3rdoba, explic\u00f3 que mientras circulaba de este a oeste, el motor se detuvo de manera repentina y pudo frenar a tiempo.<br>No fue posible acceder al matafuegos ubicado en la parte trasera, por lo que la furgoneta qued\u00f3 del todo destruida, inform\u00f3 la Polic\u00eda.<br>Presencia de bomberos y fuerzas de seguridad<br>En el lugar trabajaron efectivos de la Comisar\u00eda Seccional 42\u00b0, del Comando Radioel\u00e9ctrico de la UROP 6 y Bomberos<\/p>\n\n\n\n<p><\/p>\n","protected":false},"excerpt":{"rendered":"<p>VECINOSDELINTERIOR.COM \/ 27 DE AGOSTOUna furgoneta Citro\u00ebn Berlingo se incendi\u00f3 este martes sobre la banquina de la ruta provincial 5 en Villa de Merlo, tras un desperfecto en el tablero del lado del acompa\u00f1ante.Un hombre de 45 a\u00f1os, con domicilio en San Javier, C\u00f3rdoba, explic\u00f3 que mientras circulaba de este a oeste, el motor se [&hellip;]<\/p>\n","protected":false},"author":1,"featured_media":5284,"comment_status":"open","ping_status":"open","sticky":false,"template":"","format":"standard","meta":{"footnotes":""},"categories":[23,73],"tags":[],"class_list":["post-5283","post","type-post","status-publish","format-standard","has-post-thumbnail","hentry","category-junin","category-merlo"],"_links":{"self":[{"href":"https:\/\/vecinosdelinterior.com\/index.php\/wp-json\/wp\/v2\/posts\/5283","targetHints":{"allow":["GET"]}}],"collection":[{"href":"https:\/\/vecinosdelinterior.com\/index.php\/wp-json\/wp\/v2\/posts"}],"about":[{"href":"https:\/\/vecinosdelinterior.com\/index.php\/wp-json\/wp\/v2\/types\/post"}],"author":[{"embeddable":true,"href":"https:\/\/vecinosdelinterior.com\/index.php\/wp-json\/wp\/v2\/users\/1"}],"replies":[{"embeddable":true,"href":"https:\/\/vecinosdelinterior.com\/index.php\/wp-json\/wp\/v2\/comments?post=5283"}],"version-history":[{"count":1,"href":"https:\/\/vecinosdelinterior.com\/index.php\/wp-json\/wp\/v2\/posts\/5283\/revisions"}],"predecessor-version":[{"id":5285,"href":"https:\/\/vecinosdelinterior.com\/index.php\/wp-json\/wp\/v2\/posts\/5283\/revisions\/5285"}],"wp:featuredmedia":[{"embeddable":true,"href":"https:\/\/vecinosdelinterior.com\/index.php\/wp-json\/wp\/v2\/media\/5284"}],"wp:attachment":[{"href":"https:\/\/vecinosdelinterior.com\/index.php\/wp-json\/wp\/v2\/media?parent=5283"}],"wp:term":[{"taxonomy":"category","embeddable":true,"href":"https:\/\/vecinosdelinterior.com\/index.php\/wp-json\/wp\/v2\/categories?post=5283"},{"taxonomy":"post_tag","embeddable":true,"href":"https:\/\/vecinosdelinterior.com\/index.php\/wp-json\/wp\/v2\/tags?post=5283"}],"curies":[{"name":"wp","href":"https:\/\/api.w.org\/{rel}","templated":true}]}}