{"id":5298,"date":"2025-08-30T18:04:58","date_gmt":"2025-08-30T21:04:58","guid":{"rendered":"https:\/\/vecinosdelinterior.com\/?p=5298"},"modified":"2025-08-30T18:05:08","modified_gmt":"2025-08-30T21:05:08","slug":"santa-rosa-la-joya-del-valle-que-custodia-historias-tradicion-y-bellezas-sin-igual","status":"publish","type":"post","link":"https:\/\/vecinosdelinterior.com\/index.php\/2025\/08\/30\/santa-rosa-la-joya-del-valle-que-custodia-historias-tradicion-y-bellezas-sin-igual\/","title":{"rendered":"Santa Rosa, la joya del valle que custodia historias, tradici\u00f3n y bellezas sin igual"},"content":{"rendered":"\n<p>VECINOSDELINTERIOR.COM \/ 30 DE AGOSTO<br>Con toda su diversidad geogr\u00e1fica y paisaj\u00edstica, su flora, fauna, gastronom\u00eda, arquitectura emblem\u00e1tica, historias y la calidez de su gente, Santa Rosa del Conlara invita a vecinos y turistas a dejarse deslumbrar por la naturaleza, dejarse sorprender y descubrir un sinf\u00edn de experiencias.<br>Siguiendo el cauce del R\u00edo Conlara, que nace al este de las Sierras de San Luis y se dirige hacia el norte, se erige un valle de belleza inigualable con las m\u00e1s variadas opciones para disfrutar del turismo. Santa Rosa con la Sierra de Los Comechingones en el horizonte brinda el entorno perfecto para visitar balnearios, realizar fascinantes paseos y conocer \u00e1reas de gran belleza, museos y antiguas capillas.<\/p>\n\n\n\n<figure class=\"wp-block-gallery has-nested-images columns-default is-cropped wp-block-gallery-1 is-layout-flex wp-block-gallery-is-layout-flex\">\n<figure class=\"wp-block-image size-large\"><img fetchpriority=\"high\" decoding=\"async\" width=\"758\" height=\"492\" data-id=\"5301\" src=\"https:\/\/vecinosdelinterior.com\/wp-content\/uploads\/2025\/08\/foto2-1-1.jpg\" alt=\"\" class=\"wp-image-5301\" srcset=\"https:\/\/vecinosdelinterior.com\/wp-content\/uploads\/2025\/08\/foto2-1-1.jpg 758w, https:\/\/vecinosdelinterior.com\/wp-content\/uploads\/2025\/08\/foto2-1-1-300x195.jpg 300w, https:\/\/vecinosdelinterior.com\/wp-content\/uploads\/2025\/08\/foto2-1-1-750x487.jpg 750w\" sizes=\"(max-width: 758px) 100vw, 758px\" \/><\/figure>\n\n\n\n<figure class=\"wp-block-image size-large\"><img decoding=\"async\" width=\"650\" height=\"309\" data-id=\"5300\" src=\"https:\/\/vecinosdelinterior.com\/wp-content\/uploads\/2025\/08\/SANTA-ROSA-Aeropuerto-valle-del-conl1.jpg\" alt=\"\" class=\"wp-image-5300\" srcset=\"https:\/\/vecinosdelinterior.com\/wp-content\/uploads\/2025\/08\/SANTA-ROSA-Aeropuerto-valle-del-conl1.jpg 650w, https:\/\/vecinosdelinterior.com\/wp-content\/uploads\/2025\/08\/SANTA-ROSA-Aeropuerto-valle-del-conl1-300x143.jpg 300w\" sizes=\"(max-width: 650px) 100vw, 650px\" \/><\/figure>\n\n\n\n<figure class=\"wp-block-image size-large\"><img decoding=\"async\" width=\"350\" height=\"266\" data-id=\"5299\" src=\"https:\/\/vecinosdelinterior.com\/wp-content\/uploads\/2025\/08\/SANTA-ROSA-bajo-de-veliz.jpeg\" alt=\"\" class=\"wp-image-5299\" srcset=\"https:\/\/vecinosdelinterior.com\/wp-content\/uploads\/2025\/08\/SANTA-ROSA-bajo-de-veliz.jpeg 350w, https:\/\/vecinosdelinterior.com\/wp-content\/uploads\/2025\/08\/SANTA-ROSA-bajo-de-veliz-300x228.jpeg 300w\" sizes=\"(max-width: 350px) 100vw, 350px\" \/><\/figure>\n\n\n\n<figure class=\"wp-block-image size-large\"><img loading=\"lazy\" decoding=\"async\" width=\"740\" height=\"416\" data-id=\"5302\" src=\"https:\/\/vecinosdelinterior.com\/wp-content\/uploads\/2025\/08\/SANTA-ROSA-Iglesia.jpeg\" alt=\"\" class=\"wp-image-5302\" srcset=\"https:\/\/vecinosdelinterior.com\/wp-content\/uploads\/2025\/08\/SANTA-ROSA-Iglesia.jpeg 740w, https:\/\/vecinosdelinterior.com\/wp-content\/uploads\/2025\/08\/SANTA-ROSA-Iglesia-300x169.jpeg 300w\" sizes=\"(max-width: 740px) 100vw, 740px\" \/><\/figure>\n<\/figure>\n\n\n\n<p><br>Este pueblo fue fundado en el a\u00f1o 1858 con la construcci\u00f3n de la capilla de Santa Rosa de Lima, levantada en las tierras de la estancia de don Manuel Salazar.<br>Despu\u00e9s de este momento hist\u00f3rico, el gobernador Justo Daract inici\u00f3 un proceso de desarrollo de la regi\u00f3n, comenz\u00f3 a dividir y distribuir las tierras, que originalmente estaban ocupadas por los Comechingones. El primer poblado se origin\u00f3 a orillas del r\u00edo Conlara, que tiene una rara particularidad y es que se trata de uno de los pocos r\u00edos del hemisferio sur que corre de sur a norte.<br>A unos 80 kil\u00f3metros se accede al embalse La Huertita<br>Se puede practicar deportes n\u00e1uticos, en el marco de las sierras que lo circundan. Se trata de un lago de aguas tranquilas, poblado de pejerreyes y de truchas arco\u00edris. Clubes de pesca ofrecen todos los servicios.<\/p>\n\n\n\n<p><br>Complejo municipal R\u00edo Conlara<br>Ubicado sobre el R\u00edo Conlara, cuenta con quincho con asadores, hospedaje y proveedur\u00eda. Se puede tomar sol, ba\u00f1os y realizar caminatas. Es el balneario m\u00e1s grande de la provincia, cuenta con una extensi\u00f3n aproximada de 16 hect\u00e1reas, con m\u00e1s de 500 metros de playas de distintas profundidades. Creado y construido por Henry Funes. Muro construido a gravedad en piedra apoyada en afloramiento rocoso, su altura es de 1,80 metros. Esta obra fue realizada en 1960. El puente carretero fue colocado en 1922. Su muro y las barrancas est\u00e1n revestidos en piedra.<\/p>\n\n\n\n<p><br>Museo Polifac\u00e9tico Municipal Vieja Usina<br>Ubicado en calle Aviador Franco 862, est\u00e1 constituido en el interior de lo que fuera antes la Vieja Usina de generaci\u00f3n de electricidad de la localidad, dentro del mismo a\u00fan se conservan sus motores generadores, se exhiben instrumentos, objetos personales, minerales, fotograf\u00edas, restos f\u00f3siles de nativos, monedas y billetes, m\u00e1quinas de escribir, animales embalsamados, cueros, cuadros, valijas de \u00e9poca, objetos hist\u00f3ricos de la vida cotidiana de pobladores; en el lugar funciona tambi\u00e9n la Oficina de Informes Tur\u00edsticos.<\/p>\n\n\n\n<p><br>Parque Provincial Bajo de V\u00e9liz<br>Hace millones de a\u00f1os, el Bajo form\u00f3 parte del continente de Gondwana, constituido por lo que hoy es \u00c1frica, una parte de Am\u00e9rica del sur, la Ant\u00e1rtida y la India, dejando notables evidencias de ello. Este parque es una verdadera puerta al pasado m\u00e1s remoto donde los amantes de la paleontolog\u00eda, la arqueolog\u00eda y los or\u00edgenes de la vida encontrar\u00e1n tesoros de m\u00e1s de 268 millones de a\u00f1os.<br>Creado en 1989, el Parque Provincial de Bajo de V\u00e9liz cuenta con una superficie de 6.000 hect\u00e1reas. Es una depresi\u00f3n angosta de 12 kil\u00f3metros de largo (norte- sur) y un ancho que var\u00eda entre los 200 metros y los 2 kil\u00f3metros. Ubicada a 597 metros sobre nivel del mar, la rodean cordones serranos que alcanzan una altura de 900 metros sobre nivel del mar.<\/p>\n\n\n\n<p><br>Bajo de V\u00e9liz.<br>Sendero del Guayacan<br>En este lugar se encuentra este \u00fanico ejemplar de Guayacan, rodeado de un bosque de a\u00f1osos quebrachos blancos que se erigen por sobre el resto de la vegetaci\u00f3n.<\/p>\n\n\n\n<p><br>Sendero de Los Morteros y el arroyo<br>El arroyo recorre el valle central y constituye la fuente de vida de la zona. A la vera del mismo pueden divisarse viviendas de pobladores, gran variedad de ganado dom\u00e9stico y aves de corral. Tallados en bloques de piedra se hallaron vestigios abor\u00edgenes representados principalmente por morteros. Cercanos al agua, sobre las paredes de roca, protegidos del sol, pueden verse l\u00edquenes rup\u00edcolas, musgos y helechos. Una investigaci\u00f3n aseguraba que en la zona se hab\u00eda hallado el f\u00f3sil de la ara\u00f1a m\u00e1s grande que alguna vez hab\u00eda caminado por el planeta. La reserva se caracteriza por su riqueza ornitol\u00f3gica. Se han registrado m\u00e1s de 50 especies de aves. Mucha paz y naturaleza para disfrutar en familia.<\/p>\n\n\n\n<p><br>Paraje Punta del Agua<br>Punta del Agua lleva este nombre porque hasta all\u00ed llegaba el agua del R\u00edo Conlara, que serv\u00eda para sembrar los regad\u00edos de la zona. En el paraje Punta del Agua, a 20 kil\u00f3metros de la localidad de Santa Rosa del Conlara, se encuentra la Capilla Virgen de las Mercedes o de los Funes. Ubicada en el extremo norte provincial fue declarada Patrimonio Hist\u00f3rico Cultural de la Provincia de San Luis. Esta capilla fue construida entre finales del 1.600 y principios del 1.700. Fue reparada en 1897 y es fiel testigo de malones y batallas que marcaron la identidad regional. Vecinos aseguran que el ta\u00f1ido de sus campanas se escucha a seis kil\u00f3metros de distancia. En el interior, sus paredes son totalmente blancas y en ellas cuelgan peque\u00f1os cuadros que cuentan la vida de Cristo. En el frente, majestuoso, se encuentra sobre el atrio y entre flores la imagen de la Virgen de Nuestra Se\u00f1ora de las Mercedes. Al levantar la mirada se puede observar el techo a dos aguas que es sostenido por los tirantes de madera. La disposici\u00f3n consiste en un tirante central del cual se sostienen 33 m\u00e1s a los costados y que le dan la forma de techo en agua. Las 33 vigas de madera significan la edad de Jesucristo. Son de algarrobo, el \u00e1rbol que predomina en la zona.<\/p>\n\n\n\n<p><br>Punta del Agua.<br>En este paraje tambi\u00e9n se encuentra el sitio de la batalla de La Angostura. El 2 de abril de 1863, tropas de Mitre emboscan y matan a m\u00e1s de 200 hombres que vienen con \u2018el Chacho Pe\u00f1aloza\u2019, despu\u00e9s de haber acordado no combatir, una traici\u00f3n m\u00e1s en nuestra historia, en las luchas entre unitarios y federales. Tal sangriento encuentro, se llam\u00f3 La Angostura, debido a que se realiz\u00f3 la batalla en la parte m\u00e1s angosta del R\u00edo Conlara , en el sitio un gran algarrobo es testigo mudo del combate.<\/p>\n\n\n\n<p><br>Paraje Los Lobos<br>Los Lobos es un interesante paraje aleda\u00f1o a la localidad de Santa Rosa del Conlara; guarda celosamente en sus serran\u00edas un yacimiento de arte rupestre como testimonio de las antiguas poblaciones que vivieron en el nordeste de San Luis. El yacimiento est\u00e1 ubicado en un paraje llamado Cueva del Indio. Cruzando el arroyo Indio Muerto a 200 metros. Tambi\u00e9n llamada Quebrada de los P\u00e9rez. En el yacimiento hay una peque\u00f1a cueva, con numerosas pictograf\u00edas que dejaron estampadas en piedra los nativos del extenso Valle del Conlara. Visitar el yacimiento arqueol\u00f3gico Los Lobos y el Museo Regional de Santa Rosa del Conlara, representa una muy buena experiencia cultural para conocer las huellas de nuestros ancestros que lograron perdurar en el tiempo. En este yacimiento se han encontrado restos arqueol\u00f3gicos como utensilios, puntas de flechas, boleadoras. El material arqueol\u00f3gico, incluso esqueletos humanos en posici\u00f3n fetal.<\/p>\n\n\n\n<p><br>Quebrada de Cautana<br>Espacio de maravillosa geograf\u00eda que atraviesa la Sierra de San Lu\u00eds, la Quebrada de Cautana, posee originales formaciones rocosas, imponentes paredones, y un paisaje que en conjunto aparece silencioso y agreste. El arte rupestre, principal atractivo de este lugar, permite apreciar figuras geom\u00e9tricas, animales, petroglifos realizados mediante la t\u00e9cnica de picoteado continuo. Se le atribuye a este una antig\u00fcedad aproximada de 6 mil a\u00f1os. La Quebrada de Cautana se alza en cercan\u00edas al Bajo de V\u00e9liz. Se accede a ella desde Santa Rosa transitando unos 25 kil\u00f3metros. por rutas provinciales N\u00ba43 y N\u00ba5.<\/p>\n\n\n\n<p><br>Estaci\u00f3n de Ferrocarril<br>En este lugar se film\u00f3 parte de la Pel\u00edcula \u2018Un lugar en el Mundo\u2019. Protagonistas: Federico Luppi, Leonor Benedetto, Hugo Arana, Rodolfo Ranni, J\u00f3se Sacristan, Cecilia Roth, entre otros, con extras del Valle del Conlara.<br>Parroquia de Santa Rosa de Lima<br>La Iglesia m\u00e1s alta de la provincia de San Luis con 57 metros de altura. Fue en 1896 que se colocar\u00eda la piedra fundamental, quedando habilitada la capilla para su atenci\u00f3n a los requerimientos de los creyentes. Con un estilo neog\u00f3tico, detalles renacentistas, un campanario, un reloj y una torre elevada como punto de referencia; ventanas moldeadas en vitreaux con motivos lit\u00fargicos, y la imagen de la virgen, la Iglesia de Santa Rosa constituye un atractivo arquitect\u00f3nico, espiritual y cultural.<\/p>\n\n\n\n<p><br>Aeropuerto Internacional Valle del Conlara<br>Ubicado sobre la AU N\u00ba 55, a solo 5 kil\u00f3metros de la localidad de Santa Rosa del Conlara y a 21 kil\u00f3metros de la Villa de Merlo. Ocupa 400 hect\u00e1reas y permite la operaci\u00f3n de aeronaves de gran porte. En su predio funciona una escuela de entrenamiento de pilotos. Fue inaugurado en diciembre del a\u00f1o 2001. Cuenta con terminal, una manga de embarque y una pista de hormig\u00f3n de 2.550 metros de largo y 45 de ancho, equipamientos de torre de control de \u00faltima generaci\u00f3n, radioayudas a la navegaci\u00f3n a\u00e9rea, y control de aproximaci\u00f3n. A fines del 2013, recibi\u00f3 una autobomba de \u00faltima generaci\u00f3n. Esto permiti\u00f3 que el aeropuerto ascienda a la categor\u00eda 5 de la OACI.<\/p>\n","protected":false},"excerpt":{"rendered":"<p>VECINOSDELINTERIOR.COM \/ 30 DE AGOSTOCon toda su diversidad geogr\u00e1fica y paisaj\u00edstica, su flora, fauna, gastronom\u00eda, arquitectura emblem\u00e1tica, historias y la calidez de su gente, Santa Rosa del Conlara invita a vecinos y turistas a dejarse deslumbrar por la naturaleza, dejarse sorprender y descubrir un sinf\u00edn de experiencias.Siguiendo el cauce del R\u00edo Conlara, que nace al [&hellip;]<\/p>\n","protected":false},"author":1,"featured_media":5302,"comment_status":"open","ping_status":"open","sticky":false,"template":"","format":"standard","meta":{"footnotes":""},"categories":[23,45],"tags":[175],"class_list":["post-5298","post","type-post","status-publish","format-standard","has-post-thumbnail","hentry","category-junin","category-santa-rosa-del-conlara","tag-turismo"],"_links":{"self":[{"href":"https:\/\/vecinosdelinterior.com\/index.php\/wp-json\/wp\/v2\/posts\/5298","targetHints":{"allow":["GET"]}}],"collection":[{"href":"https:\/\/vecinosdelinterior.com\/index.php\/wp-json\/wp\/v2\/posts"}],"about":[{"href":"https:\/\/vecinosdelinterior.com\/index.php\/wp-json\/wp\/v2\/types\/post"}],"author":[{"embeddable":true,"href":"https:\/\/vecinosdelinterior.com\/index.php\/wp-json\/wp\/v2\/users\/1"}],"replies":[{"embeddable":true,"href":"https:\/\/vecinosdelinterior.com\/index.php\/wp-json\/wp\/v2\/comments?post=5298"}],"version-history":[{"count":1,"href":"https:\/\/vecinosdelinterior.com\/index.php\/wp-json\/wp\/v2\/posts\/5298\/revisions"}],"predecessor-version":[{"id":5303,"href":"https:\/\/vecinosdelinterior.com\/index.php\/wp-json\/wp\/v2\/posts\/5298\/revisions\/5303"}],"wp:featuredmedia":[{"embeddable":true,"href":"https:\/\/vecinosdelinterior.com\/index.php\/wp-json\/wp\/v2\/media\/5302"}],"wp:attachment":[{"href":"https:\/\/vecinosdelinterior.com\/index.php\/wp-json\/wp\/v2\/media?parent=5298"}],"wp:term":[{"taxonomy":"category","embeddable":true,"href":"https:\/\/vecinosdelinterior.com\/index.php\/wp-json\/wp\/v2\/categories?post=5298"},{"taxonomy":"post_tag","embeddable":true,"href":"https:\/\/vecinosdelinterior.com\/index.php\/wp-json\/wp\/v2\/tags?post=5298"}],"curies":[{"name":"wp","href":"https:\/\/api.w.org\/{rel}","templated":true}]}}