{"id":5312,"date":"2025-08-31T21:44:00","date_gmt":"2025-09-01T00:44:00","guid":{"rendered":"https:\/\/vecinosdelinterior.com\/?p=5312"},"modified":"2025-08-31T22:47:59","modified_gmt":"2025-09-01T01:47:59","slug":"alumnos-de-buena-esperanza-promueven-el-uso-responsable-de-la-tecnologia","status":"publish","type":"post","link":"https:\/\/vecinosdelinterior.com\/index.php\/2025\/08\/31\/alumnos-de-buena-esperanza-promueven-el-uso-responsable-de-la-tecnologia\/","title":{"rendered":"Alumnos de Buena Esperanza promueven el uso responsable de la tecnolog\u00eda"},"content":{"rendered":"\n<p>VECINOSDELINTERIOR.COM \/ 31 DE AGOSTO<br>A trav\u00e9s de un proyecto escolar, un grupo de estudiantes de 6\u00b0 a\u00f1o pretende hacer reflexionar a los j\u00f3venes sobre el uso de las herramientas de la virtualidad y promover un mundo digital m\u00e1s seguro.<br>Los alumnos de 6\u00b0 a\u00f1o \u2018A\u2019 del Colegio N\u00b024 \u2018Luisa Fantini de Cort\u00e9s Aparicio\u2019 de Buena Esperanza desarrollaron el proyecto \u2018Ciudadan\u00eda Enredada: Construyendo un mundo seguro en la era digital\u2019. La propuesta naci\u00f3 en 2024 en la materia Bio\u00e9tica y se consolid\u00f3 este a\u00f1o en las asignaturas de Pol\u00edtica y Ciudadan\u00eda.<br>El puntapi\u00e9 inicial del proyecto fueron las inquietudes de los propios alumnos sobre el impacto de las tecnolog\u00edas en su vida diaria, especialmente en lo que respecta al uso de redes sociales. Esta perspectiva permiti\u00f3 profundizar en el tema y tambi\u00e9n analizar c\u00f3mo se construye la opini\u00f3n p\u00fablica, qu\u00e9 lugar ocupan los j\u00f3venes en los debates sociales contempor\u00e1neos y de qu\u00e9 manera pueden ejercer una participaci\u00f3n activa en la democracia digital.<\/p>\n\n\n\n<figure class=\"wp-block-gallery has-nested-images columns-default is-cropped wp-block-gallery-1 is-layout-flex wp-block-gallery-is-layout-flex\">\n<figure class=\"wp-block-image size-large\"><img fetchpriority=\"high\" decoding=\"async\" width=\"960\" height=\"868\" data-id=\"5313\" src=\"https:\/\/vecinosdelinterior.com\/wp-content\/uploads\/2025\/08\/541614595_640831989067491_7080712238738613658_n.jpg\" alt=\"\" class=\"wp-image-5313\" srcset=\"https:\/\/vecinosdelinterior.com\/wp-content\/uploads\/2025\/08\/541614595_640831989067491_7080712238738613658_n.jpg 960w, https:\/\/vecinosdelinterior.com\/wp-content\/uploads\/2025\/08\/541614595_640831989067491_7080712238738613658_n-300x271.jpg 300w, https:\/\/vecinosdelinterior.com\/wp-content\/uploads\/2025\/08\/541614595_640831989067491_7080712238738613658_n-768x694.jpg 768w, https:\/\/vecinosdelinterior.com\/wp-content\/uploads\/2025\/08\/541614595_640831989067491_7080712238738613658_n-750x678.jpg 750w\" sizes=\"(max-width: 960px) 100vw, 960px\" \/><\/figure>\n\n\n\n<figure class=\"wp-block-image size-large\"><img decoding=\"async\" width=\"589\" height=\"540\" data-id=\"5314\" src=\"https:\/\/vecinosdelinterior.com\/wp-content\/uploads\/2025\/08\/541480426_640831942400829_4749862067856644773_n.jpg\" alt=\"\" class=\"wp-image-5314\" srcset=\"https:\/\/vecinosdelinterior.com\/wp-content\/uploads\/2025\/08\/541480426_640831942400829_4749862067856644773_n.jpg 589w, https:\/\/vecinosdelinterior.com\/wp-content\/uploads\/2025\/08\/541480426_640831942400829_4749862067856644773_n-300x275.jpg 300w\" sizes=\"(max-width: 589px) 100vw, 589px\" \/><\/figure>\n<\/figure>\n\n\n\n<p><br>La iniciativa se desarroll\u00f3 en tres etapas, comenzando con un trabajo de investigaci\u00f3n te\u00f3rica sobre derechos digitales, acceso a la tecnolog\u00eda y libertad de expresi\u00f3n en l\u00ednea, para luego vincular estos temas con los valores democr\u00e1ticos.<br>En una segunda instancia, aplicaron encuestas a otros alumnos y docentes para conocer experiencias y percepciones sobre la privacidad en internet, la desinformaci\u00f3n, el ciberacoso y el tiempo de exposici\u00f3n en redes.<br>Finalmente, la iniciativa desemboc\u00f3 en la producci\u00f3n de campa\u00f1as de sensibilizaci\u00f3n dirigidas a otros j\u00f3venes, con materiales audiovisuales, teatrales y escritos que buscan difundir mensajes sobre seguridad digital, derechos en l\u00ednea y participaci\u00f3n ciudadana en el mundo virtual.<br>El proyecto del Colegio N\u00b024 se prepara para participar de la instancia provincial de Feria de Ciencias que se desarrollar\u00e1 en septiembre y contempla la exhibici\u00f3n de 169 trabajos de escuelas de toda la provincia.<\/p>\n","protected":false},"excerpt":{"rendered":"<p>VECINOSDELINTERIOR.COM \/ 31 DE AGOSTOA trav\u00e9s de un proyecto escolar, un grupo de estudiantes de 6\u00b0 a\u00f1o pretende hacer reflexionar a los j\u00f3venes sobre el uso de las herramientas de la virtualidad y promover un mundo digital m\u00e1s seguro.Los alumnos de 6\u00b0 a\u00f1o \u2018A\u2019 del Colegio N\u00b024 \u2018Luisa Fantini de Cort\u00e9s Aparicio\u2019 de Buena Esperanza [&hellip;]<\/p>\n","protected":false},"author":1,"featured_media":5314,"comment_status":"open","ping_status":"open","sticky":false,"template":"","format":"standard","meta":{"footnotes":""},"categories":[1],"tags":[],"class_list":["post-5312","post","type-post","status-publish","format-standard","has-post-thumbnail","hentry","category-blog"],"_links":{"self":[{"href":"https:\/\/vecinosdelinterior.com\/index.php\/wp-json\/wp\/v2\/posts\/5312","targetHints":{"allow":["GET"]}}],"collection":[{"href":"https:\/\/vecinosdelinterior.com\/index.php\/wp-json\/wp\/v2\/posts"}],"about":[{"href":"https:\/\/vecinosdelinterior.com\/index.php\/wp-json\/wp\/v2\/types\/post"}],"author":[{"embeddable":true,"href":"https:\/\/vecinosdelinterior.com\/index.php\/wp-json\/wp\/v2\/users\/1"}],"replies":[{"embeddable":true,"href":"https:\/\/vecinosdelinterior.com\/index.php\/wp-json\/wp\/v2\/comments?post=5312"}],"version-history":[{"count":1,"href":"https:\/\/vecinosdelinterior.com\/index.php\/wp-json\/wp\/v2\/posts\/5312\/revisions"}],"predecessor-version":[{"id":5315,"href":"https:\/\/vecinosdelinterior.com\/index.php\/wp-json\/wp\/v2\/posts\/5312\/revisions\/5315"}],"wp:featuredmedia":[{"embeddable":true,"href":"https:\/\/vecinosdelinterior.com\/index.php\/wp-json\/wp\/v2\/media\/5314"}],"wp:attachment":[{"href":"https:\/\/vecinosdelinterior.com\/index.php\/wp-json\/wp\/v2\/media?parent=5312"}],"wp:term":[{"taxonomy":"category","embeddable":true,"href":"https:\/\/vecinosdelinterior.com\/index.php\/wp-json\/wp\/v2\/categories?post=5312"},{"taxonomy":"post_tag","embeddable":true,"href":"https:\/\/vecinosdelinterior.com\/index.php\/wp-json\/wp\/v2\/tags?post=5312"}],"curies":[{"name":"wp","href":"https:\/\/api.w.org\/{rel}","templated":true}]}}