{"id":5339,"date":"2025-09-01T07:49:00","date_gmt":"2025-09-01T10:49:00","guid":{"rendered":"https:\/\/vecinosdelinterior.com\/?p=5339"},"modified":"2025-09-02T08:50:43","modified_gmt":"2025-09-02T11:50:43","slug":"mas-de-600-personas-festejaron-con-los-intercolegiales-culturales-en-san-francisco","status":"publish","type":"post","link":"https:\/\/vecinosdelinterior.com\/index.php\/2025\/09\/01\/mas-de-600-personas-festejaron-con-los-intercolegiales-culturales-en-san-francisco\/","title":{"rendered":"M\u00e1s de 600 personas festejaron con los Intercolegiales Culturales en San Francisco"},"content":{"rendered":"\n<p>VECINOSDELINTERIOR.COM \/ 01 DE SETIEMBRE<br>En el teatro de la localidad, la Regi\u00f3n Educativa VI present\u00f3 m\u00e1s de 120 producciones art\u00edsticas. Adem\u00e1s, desde este martes al jueves, en el Molino F\u00e9nix, en Villa Mercedes, subir\u00e1n a escena los proyectos creativos de la Regi\u00f3n Educativa II.<\/p>\n\n\n\n<p><br>Ubicado a 100 metros de la plaza principal, en la antigua Escuela Normal de San Francisco, cuna de docentes por m\u00e1s de 80 a\u00f1os, el patio y los pasillos del teatro de San Francisco se llenaron de colores. Cada proyecto se festej\u00f3 como un momento \u00fanico donde las tradiciones locales se mezclaron con la frescura de las nuevas generaciones. En ese entramado, las familias no solo aplaudieron a sus hijos y acompa\u00f1aron con mates, sino que tambi\u00e9n se reconocieron en las historias que sostienen esa fuerza creativa en el norte provincial.<\/p>\n\n\n\n<p><br>Aparte de la localidad anfitriona, el jueves 28 de agosto participaron representantes de Quines, Luj\u00e1n, Leandro Alem, Candelaria, parajes Santo Domingo, Santa Ana, San Roque, La Majada, Pozo del Tala, El Zapallar y Los Quemados. Asistieron tambi\u00e9n el ministro de Turismo y Cultura, Juan \u00c1lvarez Pinto, el intendente Sandro Flores y referentes culturales de la zona.<\/p>\n\n\n\n<p><br>\u201cLa Regi\u00f3n Educativa VI en doble jornada (ma\u00f1ana y tarde) comparti\u00f3 m\u00e1s de 120 producciones art\u00edsticas de nivel Primario y Secundario, con m\u00e1s de 300 personas por turno. En cada apertura nos acompa\u00f1\u00f3 la academia local de folclore \u2018Estirpe gaucha\u2019\u201d, indicaron desde la direcci\u00f3n de Gesti\u00f3n Cultural e Identidad Sanluise\u00f1a.<br>\u201cAdem\u00e1s, premiamos por primera vez en el escenario al nivel Inicial, a diferencia del a\u00f1o pasado cuando fuimos a cada jard\u00edn para entregar los premios. En esta etapa regional, se destac\u00f3 una producci\u00f3n audiovisual del Instituto San Jos\u00e9, del jard\u00edn \u2018Divino Ni\u00f1o\u2019, en la que los alumnos hicieron un homenaje a una banda muy popular en Quines de los a\u00f1os ochenta y noventa que se llamaba grupo \u2018Dimensi\u00f3n\u2019. Tambi\u00e9n, destacamos al jard\u00edn de la Escuela 48 \u2018Faustino Berrondo\u2019, que le hizo un homenaje a una tejedora que tiene m\u00e1s de 80 a\u00f1os, do\u00f1a Rufina, de San Francisco, que nos acompa\u00f1\u00f3 en el teatro\u201d, agregaron<\/p>\n\n\n\n<p><br>Bajo el lema \u2018El sentir y obrar sanluise\u00f1o\u2019, esta edici\u00f3n tiene como ejes tem\u00e1ticos \u2018Libertador general Jos\u00e9 de San Mart\u00edn\u2019; \u2018Ambiente y Desarrollo Sustentable\u2019; \u2018Autores Sanluise\u00f1os\u2019 y \u2018Malvinas y la participaci\u00f3n de San Luis en el conflicto b\u00e9lico\u2019, mediante las disciplinas Literatura, Audiovisual, Artes Visuales, Teatro, Danza, M\u00fasica y Producci\u00f3n Art\u00edstica Integral en vivo.<\/p>\n\n\n\n<p><br><strong>Emociones y tesoros culturales compartidos<br><\/strong>\u201cLos docentes de nivel Inicial est\u00e1n muy contentos con esa nueva din\u00e1mica, ya que indicaron es importante que el resto de las escuelas puedan ver los proyectos destacados. Por ejemplo, nos contaron que en Quines, cuando regresaron de sus presentaciones, los padres hicieron una caravana de autos para acompa\u00f1ar al colectivo y los recibieron con pancartas para reconocer a los ganadores\u201d, detallaron<br>La artista pl\u00e1stica, dise\u00f1adora y fot\u00f3grafa, Silvia Escudero, integr\u00f3 la comisi\u00f3n evaluadora en su tierra natal. \u201cLa cultura de San Luis es un tesoro vivo que se fortalece cuando se comparte y se cultiva. Mostrar sus rincones a trav\u00e9s de proyectos art\u00edsticos no s\u00f3lo preserva la memoria colectiva, sino que abre caminos de identidad y orgullo para las y los chicos que participan y para las nuevas generaciones\u201d, reflexion\u00f3.<br>\u201cLos Intercolegiales siguen creciendo en cantidad y calidad. Cada vez se suman m\u00e1s escuelas y disciplinas art\u00edsticas. Dentro del rubro \u2018Artes Visuales\u2019 se mostraron dibujos, pinturas, fotograf\u00edas, arte digital y esculturas que reflejan el di\u00e1logo con el lugar que se habita, expresado desde el coraz\u00f3n, tejiendo un entramado s\u00f3lido, nutrido desde la ra\u00edz y proyectado hacia el futuro. Siempre ha sido un honor formar parte desde el lugar que me toque y celebr\u00f3 cada a\u00f1o esta fiesta de cultura\u201d, destac\u00f3 Silvia.<br>Asimismo, por segundo a\u00f1o consecutivo estuvo como jurado la docente y escritora Laura Sfreddo. \u201cEsta instancia es una de las experiencias m\u00e1s bonitas para m\u00ed durante el a\u00f1o, porque me permiten, desde un rol de observadora, entender lo que est\u00e1 sucediendo en cada escuela y el talento de nuestros j\u00f3venes. Nos encontramos con trabajos muy bien logrados tanto en la escritura como en la expresi\u00f3n oral, e incluso quisimos conocer m\u00e1s detalles sobre algunos procesos creativos impactantes\u201d, expres\u00f3.<br>C\u00f3mo sigue cada etapa regional<br>Nivel Primario y Secundario<br>Regi\u00f3n II: 2, 3 y 4 de septiembre \u2013 Molino F\u00e9nix, Villa Mercedes.<br>Regi\u00f3n V: 18 de septiembre \u2013 Sal\u00f3n Municipal, Las Chacras (San Mart\u00edn).<br>Regi\u00f3n IV: 1 y 2 de octubre \u2013 CE N.\u00b0 12 \u2018Leopoldo Lugones\u2019, Tilisarao.<br>Regi\u00f3n I: 6, 7 y 8 de octubre \u2013 Sala Hugo del Carril, San Luis.<br>La instancia provincial se realizar\u00e1 durante octubre en San Luis, mientras que los viajes de premiaci\u00f3n en la modalidad competitiva est\u00e1n programados para noviembre de 2025.<br>En tanto que, las premiaciones de nivel Inicial y Educaci\u00f3n Especial se dan a conocer durante las regionales, con entrega de medallas y reconocimiento p\u00fablico en cada sede.<\/p>\n","protected":false},"excerpt":{"rendered":"<p>VECINOSDELINTERIOR.COM \/ 01 DE SETIEMBREEn el teatro de la localidad, la Regi\u00f3n Educativa VI present\u00f3 m\u00e1s de 120 producciones art\u00edsticas. Adem\u00e1s, desde este martes al jueves, en el Molino F\u00e9nix, en Villa Mercedes, subir\u00e1n a escena los proyectos creativos de la Regi\u00f3n Educativa II. Ubicado a 100 metros de la plaza principal, en la antigua [&hellip;]<\/p>\n","protected":false},"author":1,"featured_media":5340,"comment_status":"open","ping_status":"open","sticky":false,"template":"","format":"standard","meta":{"footnotes":""},"categories":[8,9],"tags":[],"class_list":["post-5339","post","type-post","status-publish","format-standard","has-post-thumbnail","hentry","category-ayacucho","category-san-francisco"],"_links":{"self":[{"href":"https:\/\/vecinosdelinterior.com\/index.php\/wp-json\/wp\/v2\/posts\/5339","targetHints":{"allow":["GET"]}}],"collection":[{"href":"https:\/\/vecinosdelinterior.com\/index.php\/wp-json\/wp\/v2\/posts"}],"about":[{"href":"https:\/\/vecinosdelinterior.com\/index.php\/wp-json\/wp\/v2\/types\/post"}],"author":[{"embeddable":true,"href":"https:\/\/vecinosdelinterior.com\/index.php\/wp-json\/wp\/v2\/users\/1"}],"replies":[{"embeddable":true,"href":"https:\/\/vecinosdelinterior.com\/index.php\/wp-json\/wp\/v2\/comments?post=5339"}],"version-history":[{"count":1,"href":"https:\/\/vecinosdelinterior.com\/index.php\/wp-json\/wp\/v2\/posts\/5339\/revisions"}],"predecessor-version":[{"id":5341,"href":"https:\/\/vecinosdelinterior.com\/index.php\/wp-json\/wp\/v2\/posts\/5339\/revisions\/5341"}],"wp:featuredmedia":[{"embeddable":true,"href":"https:\/\/vecinosdelinterior.com\/index.php\/wp-json\/wp\/v2\/media\/5340"}],"wp:attachment":[{"href":"https:\/\/vecinosdelinterior.com\/index.php\/wp-json\/wp\/v2\/media?parent=5339"}],"wp:term":[{"taxonomy":"category","embeddable":true,"href":"https:\/\/vecinosdelinterior.com\/index.php\/wp-json\/wp\/v2\/categories?post=5339"},{"taxonomy":"post_tag","embeddable":true,"href":"https:\/\/vecinosdelinterior.com\/index.php\/wp-json\/wp\/v2\/tags?post=5339"}],"curies":[{"name":"wp","href":"https:\/\/api.w.org\/{rel}","templated":true}]}}