{"id":5348,"date":"2025-09-03T23:32:00","date_gmt":"2025-09-04T02:32:00","guid":{"rendered":"https:\/\/vecinosdelinterior.com\/?p=5348"},"modified":"2025-09-03T23:32:34","modified_gmt":"2025-09-04T02:32:34","slug":"virgen-de-la-cobrera-fe-tradicion-y-patrimonio-espiritual-de-san-luis","status":"publish","type":"post","link":"https:\/\/vecinosdelinterior.com\/index.php\/2025\/09\/03\/virgen-de-la-cobrera-fe-tradicion-y-patrimonio-espiritual-de-san-luis\/","title":{"rendered":"Virgen de la Cobrera: fe, tradici\u00f3n y patrimonio espiritual de San Luis"},"content":{"rendered":"\n<p>VECINOSDELINTERIOR.COM \/ 03 DE SETIEMBRE<br>En la provincia de San Luis, cada aniversario de la aparici\u00f3n de la Virgen de la Cobrera convoca a cientos de fieles y visitantes que encuentran en este rinc\u00f3n de la geograf\u00eda sanluise\u00f1a un espacio de encuentro con la fe, la tradici\u00f3n y la historia.<br>La Virgen de la Cobrera ha trascendido lo religioso para convertirse en un s\u00edmbolo cultural y tur\u00edstico de gran importancia para la regi\u00f3n. Su imagen, venerada por devotos de distintos puntos de la provincia y del pa\u00eds, se alza como faro de espiritualidad y esperanza, acompa\u00f1ando a familias enteras que llegan en procesi\u00f3n para agradecer o pedir su intercesi\u00f3n.<br>El santuario, ubicado en un entorno natural privilegiado, rodeado de sierras y paisajes serranos de una belleza incomparable, no s\u00f3lo es un punto de peregrinaci\u00f3n religiosa, sino tambi\u00e9n un atractivo tur\u00edstico que se integra a la oferta cultural y espiritual de San Luis. Cada a\u00f1o, en la fecha de su conmemoraci\u00f3n, la localidad se transforma: misas, procesiones, cantos populares y ferias de artesanos ponen en valor las costumbres de la comunidad, fortaleciendo la identidad regional y generando un impulso a la econom\u00eda local.<br>En este sentido el pr\u00f3ximo s\u00e1bado 6 de septiembre a las 16:00 se realizar\u00e1 el rezo del Santo Rosario y la celebraci\u00f3n de la Santa Misa, presidida por el obispo de San Luis, monse\u00f1or Gabriel Barba.<\/p>\n\n\n\n<figure class=\"wp-block-gallery has-nested-images columns-default is-cropped wp-block-gallery-1 is-layout-flex wp-block-gallery-is-layout-flex\">\n<figure class=\"wp-block-image size-large\"><img fetchpriority=\"high\" decoding=\"async\" width=\"681\" height=\"1024\" data-id=\"5349\" src=\"https:\/\/vecinosdelinterior.com\/wp-content\/uploads\/2025\/09\/Virgen-Maria-de-la-Cobrera-2-681x1024.jpeg\" alt=\"\" class=\"wp-image-5349\" srcset=\"https:\/\/vecinosdelinterior.com\/wp-content\/uploads\/2025\/09\/Virgen-Maria-de-la-Cobrera-2-681x1024.jpeg 681w, https:\/\/vecinosdelinterior.com\/wp-content\/uploads\/2025\/09\/Virgen-Maria-de-la-Cobrera-2-200x300.jpeg 200w, https:\/\/vecinosdelinterior.com\/wp-content\/uploads\/2025\/09\/Virgen-Maria-de-la-Cobrera-2-768x1155.jpeg 768w, https:\/\/vecinosdelinterior.com\/wp-content\/uploads\/2025\/09\/Virgen-Maria-de-la-Cobrera-2-1022x1536.jpeg 1022w, https:\/\/vecinosdelinterior.com\/wp-content\/uploads\/2025\/09\/Virgen-Maria-de-la-Cobrera-2-750x1127.jpeg 750w, https:\/\/vecinosdelinterior.com\/wp-content\/uploads\/2025\/09\/Virgen-Maria-de-la-Cobrera-2-1140x1714.jpeg 1140w, https:\/\/vecinosdelinterior.com\/wp-content\/uploads\/2025\/09\/Virgen-Maria-de-la-Cobrera-2.jpeg 1224w\" sizes=\"(max-width: 681px) 100vw, 681px\" \/><\/figure>\n\n\n\n<figure class=\"wp-block-image size-large\"><img decoding=\"async\" width=\"1024\" height=\"539\" data-id=\"5350\" src=\"https:\/\/vecinosdelinterior.com\/wp-content\/uploads\/2025\/09\/Virgen-Maria-de-la-Cobrera-1-1024x539.jpeg\" alt=\"\" class=\"wp-image-5350\" srcset=\"https:\/\/vecinosdelinterior.com\/wp-content\/uploads\/2025\/09\/Virgen-Maria-de-la-Cobrera-1-1024x539.jpeg 1024w, https:\/\/vecinosdelinterior.com\/wp-content\/uploads\/2025\/09\/Virgen-Maria-de-la-Cobrera-1-300x158.jpeg 300w, https:\/\/vecinosdelinterior.com\/wp-content\/uploads\/2025\/09\/Virgen-Maria-de-la-Cobrera-1-768x404.jpeg 768w, https:\/\/vecinosdelinterior.com\/wp-content\/uploads\/2025\/09\/Virgen-Maria-de-la-Cobrera-1-750x395.jpeg 750w, https:\/\/vecinosdelinterior.com\/wp-content\/uploads\/2025\/09\/Virgen-Maria-de-la-Cobrera-1.jpeg 1053w\" sizes=\"(max-width: 1024px) 100vw, 1024px\" \/><\/figure>\n<\/figure>\n\n\n\n<p><br>Esta solemnidad de la Virgen de la Cobrera es tambi\u00e9n un testimonio de conciliaci\u00f3n cultural, en el que lo religioso se entrelaza con lo popular y la fe se convierte en motor de unidad. Para los vecinos, su figura no solo representa un milagro, sino tambi\u00e9n un legado que da continuidad a las ra\u00edces hist\u00f3ricas y espirituales de San Luis.<br>As\u00ed, la Virgen de la Cobrera se consolida como un \u00edcono de fe y tradici\u00f3n que trasciende generaciones, convirti\u00e9ndose en patrimonio cultural y tur\u00edstico de toda la provincia. Su aniversario adem\u00e1s de una fecha en el calendario lit\u00fargico, es un acontecimiento que reafirma la identidad y la riqueza espiritual de la regi\u00f3n.<br>Virgen Mar\u00eda de la Cobrera, la que cura, sana y libera<br>Alegr\u00eda, fe y esperanza son las palabras que resumen y re\u00fanen a miles de fieles desde que la Virgen Mar\u00eda de la Cobrera se le apareci\u00f3 en sue\u00f1os a Miguel \u00c1ngel Escudero, el 3 de septiembre de 1994, Escudero vivi\u00f3 un momento que le cambi\u00f3 la vida para siempre. Vio a la Virgen en una serie de sue\u00f1os. El pedido de ella fue que mantuviera en secreto las visiones y el mandato se cumpli\u00f3 a lo largo de 15 a\u00f1os. A Escudero ese momento le cambi\u00f3 la vida para siempre. Vio a la Virgen en una serie de sue\u00f1os. El pedido de ella fue que mantuviera en secreto las visiones y el mandato se cumpli\u00f3 a lo largo de 15 a\u00f1os. Nunca se imagin\u00f3 los designios que terminaron forjando la religiosidad de toda una provincia.<br>Las atribuciones milagrosas nacieron en el n\u00facleo de la familia de Escudero. Su esposa se enferm\u00f3 gravemente y estuvo postrada 8 meses sin poder caminar. Tras un milagro, la mujer se recuper\u00f3 y vivi\u00f3 8 a\u00f1os m\u00e1s hasta que finalmente falleci\u00f3. Ella tambi\u00e9n hab\u00eda sido privilegiada con las visiones.<br>Escudero cont\u00f3 que su esposa le consult\u00f3 a la Virgen qu\u00e9 pod\u00edan hacer en agradecimiento y les indic\u00f3 que hicieran una imagen de 1,30 metros. Un d\u00eda de enero, la mujer le pidi\u00f3 a Escudero que la llevara al r\u00edo de Ca\u00f1ada Honda, cerca de Paso del Rey. En el camino, asistieron a una se\u00f1ora que iba con sus tres hijos y un perro; la acercaron por unos 2 kil\u00f3metros, hasta el sector donde actualmente se encuentra la imagen. La se\u00f1ora a la que asistieron, les pidi\u00f3 que la visitaran si volv\u00edan por la zona. A los 20 d\u00edas volvieron y desde entonces recorrieron el sector en 3 o 4 oportunidades m\u00e1s. En ese tiempo, la Virgen les pidi\u00f3 que la llevaran al campo de sus amigos.<br>La propia Virgen dio indicaciones de c\u00f3mo deb\u00eda ser su nombre. Se denomina Cobrera porque as\u00ed se conoce a esa regi\u00f3n. La imagen fue hecha por el escultor Walter Lucero y est\u00e1 compuesta por mezclas de resinas que resisten el fr\u00edo y el calor excesivos.<\/p>\n","protected":false},"excerpt":{"rendered":"<p>VECINOSDELINTERIOR.COM \/ 03 DE SETIEMBREEn la provincia de San Luis, cada aniversario de la aparici\u00f3n de la Virgen de la Cobrera convoca a cientos de fieles y visitantes que encuentran en este rinc\u00f3n de la geograf\u00eda sanluise\u00f1a un espacio de encuentro con la fe, la tradici\u00f3n y la historia.La Virgen de la Cobrera ha trascendido [&hellip;]<\/p>\n","protected":false},"author":1,"featured_media":5349,"comment_status":"open","ping_status":"open","sticky":false,"template":"","format":"standard","meta":{"footnotes":""},"categories":[1],"tags":[192],"class_list":["post-5348","post","type-post","status-publish","format-standard","has-post-thumbnail","hentry","category-blog","tag-virgen-de-la-cobrera"],"_links":{"self":[{"href":"https:\/\/vecinosdelinterior.com\/index.php\/wp-json\/wp\/v2\/posts\/5348","targetHints":{"allow":["GET"]}}],"collection":[{"href":"https:\/\/vecinosdelinterior.com\/index.php\/wp-json\/wp\/v2\/posts"}],"about":[{"href":"https:\/\/vecinosdelinterior.com\/index.php\/wp-json\/wp\/v2\/types\/post"}],"author":[{"embeddable":true,"href":"https:\/\/vecinosdelinterior.com\/index.php\/wp-json\/wp\/v2\/users\/1"}],"replies":[{"embeddable":true,"href":"https:\/\/vecinosdelinterior.com\/index.php\/wp-json\/wp\/v2\/comments?post=5348"}],"version-history":[{"count":1,"href":"https:\/\/vecinosdelinterior.com\/index.php\/wp-json\/wp\/v2\/posts\/5348\/revisions"}],"predecessor-version":[{"id":5351,"href":"https:\/\/vecinosdelinterior.com\/index.php\/wp-json\/wp\/v2\/posts\/5348\/revisions\/5351"}],"wp:featuredmedia":[{"embeddable":true,"href":"https:\/\/vecinosdelinterior.com\/index.php\/wp-json\/wp\/v2\/media\/5349"}],"wp:attachment":[{"href":"https:\/\/vecinosdelinterior.com\/index.php\/wp-json\/wp\/v2\/media?parent=5348"}],"wp:term":[{"taxonomy":"category","embeddable":true,"href":"https:\/\/vecinosdelinterior.com\/index.php\/wp-json\/wp\/v2\/categories?post=5348"},{"taxonomy":"post_tag","embeddable":true,"href":"https:\/\/vecinosdelinterior.com\/index.php\/wp-json\/wp\/v2\/tags?post=5348"}],"curies":[{"name":"wp","href":"https:\/\/api.w.org\/{rel}","templated":true}]}}