{"id":5370,"date":"2025-09-06T11:27:00","date_gmt":"2025-09-06T14:27:00","guid":{"rendered":"https:\/\/vecinosdelinterior.com\/?p=5370"},"modified":"2025-09-06T13:29:20","modified_gmt":"2025-09-06T16:29:20","slug":"la-tradicion-se-vivira-plenamente-en-fortuna","status":"publish","type":"post","link":"https:\/\/vecinosdelinterior.com\/index.php\/2025\/09\/06\/la-tradicion-se-vivira-plenamente-en-fortuna\/","title":{"rendered":"La tradici\u00f3n se vivir\u00e1 plenamente en Fortuna"},"content":{"rendered":"\n<p>Vecinos del Interior Puntano \/ 06 de setiembre<br>Ser\u00e1 como parte del festejo de su aniversario.<br>Con Jineteadas y mucha tradici\u00f3n gauchesca los festejos ser\u00e1n el domingo 5 de octubre.<\/p>\n\n\n\n<figure class=\"wp-block-image size-large\"><img fetchpriority=\"high\" decoding=\"async\" width=\"819\" height=\"1024\" src=\"https:\/\/vecinosdelinterior.com\/wp-content\/uploads\/2025\/09\/544632712_645135755303781_7223941236045438932_n-819x1024.jpg\" alt=\"\" class=\"wp-image-5371\" srcset=\"https:\/\/vecinosdelinterior.com\/wp-content\/uploads\/2025\/09\/544632712_645135755303781_7223941236045438932_n-819x1024.jpg 819w, https:\/\/vecinosdelinterior.com\/wp-content\/uploads\/2025\/09\/544632712_645135755303781_7223941236045438932_n-240x300.jpg 240w, https:\/\/vecinosdelinterior.com\/wp-content\/uploads\/2025\/09\/544632712_645135755303781_7223941236045438932_n-768x960.jpg 768w, https:\/\/vecinosdelinterior.com\/wp-content\/uploads\/2025\/09\/544632712_645135755303781_7223941236045438932_n-1229x1536.jpg 1229w, https:\/\/vecinosdelinterior.com\/wp-content\/uploads\/2025\/09\/544632712_645135755303781_7223941236045438932_n-750x938.jpg 750w, https:\/\/vecinosdelinterior.com\/wp-content\/uploads\/2025\/09\/544632712_645135755303781_7223941236045438932_n-1140x1425.jpg 1140w, https:\/\/vecinosdelinterior.com\/wp-content\/uploads\/2025\/09\/544632712_645135755303781_7223941236045438932_n.jpg 1440w\" sizes=\"(max-width: 819px) 100vw, 819px\" \/><\/figure>\n","protected":false},"excerpt":{"rendered":"<p>Vecinos del Interior Puntano \/ 06 de setiembreSer\u00e1 como parte del festejo de su aniversario.Con Jineteadas y mucha tradici\u00f3n gauchesca los festejos ser\u00e1n el domingo 5 de octubre.<\/p>\n","protected":false},"author":1,"featured_media":5371,"comment_status":"open","ping_status":"open","sticky":false,"template":"","format":"standard","meta":{"footnotes":""},"categories":[16,365],"tags":[333],"class_list":["post-5370","post","type-post","status-publish","format-standard","has-post-thumbnail","hentry","category-dupuy","category-fortuna","tag-festivales"],"_links":{"self":[{"href":"https:\/\/vecinosdelinterior.com\/index.php\/wp-json\/wp\/v2\/posts\/5370","targetHints":{"allow":["GET"]}}],"collection":[{"href":"https:\/\/vecinosdelinterior.com\/index.php\/wp-json\/wp\/v2\/posts"}],"about":[{"href":"https:\/\/vecinosdelinterior.com\/index.php\/wp-json\/wp\/v2\/types\/post"}],"author":[{"embeddable":true,"href":"https:\/\/vecinosdelinterior.com\/index.php\/wp-json\/wp\/v2\/users\/1"}],"replies":[{"embeddable":true,"href":"https:\/\/vecinosdelinterior.com\/index.php\/wp-json\/wp\/v2\/comments?post=5370"}],"version-history":[{"count":1,"href":"https:\/\/vecinosdelinterior.com\/index.php\/wp-json\/wp\/v2\/posts\/5370\/revisions"}],"predecessor-version":[{"id":5372,"href":"https:\/\/vecinosdelinterior.com\/index.php\/wp-json\/wp\/v2\/posts\/5370\/revisions\/5372"}],"wp:featuredmedia":[{"embeddable":true,"href":"https:\/\/vecinosdelinterior.com\/index.php\/wp-json\/wp\/v2\/media\/5371"}],"wp:attachment":[{"href":"https:\/\/vecinosdelinterior.com\/index.php\/wp-json\/wp\/v2\/media?parent=5370"}],"wp:term":[{"taxonomy":"category","embeddable":true,"href":"https:\/\/vecinosdelinterior.com\/index.php\/wp-json\/wp\/v2\/categories?post=5370"},{"taxonomy":"post_tag","embeddable":true,"href":"https:\/\/vecinosdelinterior.com\/index.php\/wp-json\/wp\/v2\/tags?post=5370"}],"curies":[{"name":"wp","href":"https:\/\/api.w.org\/{rel}","templated":true}]}}