{"id":5388,"date":"2025-09-08T09:50:00","date_gmt":"2025-09-08T12:50:00","guid":{"rendered":"https:\/\/vecinosdelinterior.com\/?p=5388"},"modified":"2025-09-09T12:51:28","modified_gmt":"2025-09-09T15:51:28","slug":"vecinos-reclaman-por-falta-de-medicos-y-profesionales-en-el-hospital-de-san-francisco","status":"publish","type":"post","link":"https:\/\/vecinosdelinterior.com\/index.php\/2025\/09\/08\/vecinos-reclaman-por-falta-de-medicos-y-profesionales-en-el-hospital-de-san-francisco\/","title":{"rendered":"Vecinos reclaman por falta de m\u00e9dicos y profesionales en el hospital de San Francisco"},"content":{"rendered":"\n<p>Vecinos reclaman por falta de m\u00e9dicos y profesionales en el hospital de San Francisco<br>VECINOSDELINTERIOR.COM \/ 08 DE SETIEMBRE<br>Con banderas, mates y tortas fritas, vecinos de San Francisco del Monte de Oro abrazaron el hospital local para exigir m\u00e9dicos, especialistas y condiciones dignas de atenci\u00f3n.<br>Vecinos de San Francisco del Monte de Oro y localidades cercanas realizaron este s\u00e1bado un abrazo simb\u00f3lico al hospital local para denunciar la crisis sanitaria que atraviesa la regi\u00f3n. Con mates, tortas fritas y banderas, la comunidad reclam\u00f3 por la falta de profesionales y equipamiento, advirtiendo que la atenci\u00f3n est\u00e1 lejos de los est\u00e1ndares que marca la Organizaci\u00f3n Mundial de la Salud.<br>Durante el acto, los oradores alertaron que el hospital \u2014considerado el coraz\u00f3n sanitario del norte puntano\u2014 no cuenta con m\u00e9dicos generalistas suficientes ni especialistas clave como cardi\u00f3logos, psic\u00f3logos, nutricionistas y odont\u00f3logos. \u201cNo alcanza con una ambulancia de mediana complejidad, necesitamos profesionales y salarios dignos\u201d, se escuch\u00f3 en el cierre.<br>Seg\u00fan denunciaron los vecinos, hoy solo trabajan cuatro m\u00e9dicos cl\u00ednicos, dos de ellos jubilados y recontratados sin cobro de guardias. Calculan que ser\u00edan necesarios al menos ocho cl\u00ednicos m\u00e1s, adem\u00e1s de reforzar los consultorios de salud mental y odontolog\u00eda. Tambi\u00e9n reclaman una ambulancia para Leandro Alem, localidad que supera los 1.500 habitantes.<br>El hospital y sus centros perif\u00e9ricos (La Majada, Carpinter\u00eda, R\u00edo Juan G\u00f3mez, El Rinc\u00f3n y Las Tosquitas) atienden a entre 9.000 y 10.000 personas. Pese a que hace m\u00e1s de un mes enviaron una carta al gobernador Claudio Poggi solicitando mejoras, aseguran que no hubo respuestas concretas. La ministra de Salud, Claudia Nigra, se hab\u00eda comunicado con el intendente Sandro Flores para prometer soluciones, pero los plazos siguen siendo una inc\u00f3gnita.<br>\u201cEste abrazo no es un acto de enojo, sino un acto de amor colectivo y compromiso ciudadano\u201d, remarcaron los organizadores bajo la consigna Me duele el hospital. Adem\u00e1s, durante la jornada juntaron firmas para reiterar el pedido al gobierno provincial. La comunidad advirti\u00f3 que continuar\u00e1 con las acciones hasta que se garanticen infraestructura, equipamiento y profesionales estables.<br>El Diario de la Rep\u00fablica<\/p>\n","protected":false},"excerpt":{"rendered":"<p>Vecinos reclaman por falta de m\u00e9dicos y profesionales en el hospital de San FranciscoVECINOSDELINTERIOR.COM \/ 08 DE SETIEMBRECon banderas, mates y tortas fritas, vecinos de San Francisco del Monte de Oro abrazaron el hospital local para exigir m\u00e9dicos, especialistas y condiciones dignas de atenci\u00f3n.Vecinos de San Francisco del Monte de Oro y localidades cercanas realizaron [&hellip;]<\/p>\n","protected":false},"author":1,"featured_media":5389,"comment_status":"open","ping_status":"open","sticky":false,"template":"","format":"standard","meta":{"footnotes":""},"categories":[8,9],"tags":[335],"class_list":["post-5388","post","type-post","status-publish","format-standard","has-post-thumbnail","hentry","category-ayacucho","category-san-francisco","tag-salud"],"_links":{"self":[{"href":"https:\/\/vecinosdelinterior.com\/index.php\/wp-json\/wp\/v2\/posts\/5388","targetHints":{"allow":["GET"]}}],"collection":[{"href":"https:\/\/vecinosdelinterior.com\/index.php\/wp-json\/wp\/v2\/posts"}],"about":[{"href":"https:\/\/vecinosdelinterior.com\/index.php\/wp-json\/wp\/v2\/types\/post"}],"author":[{"embeddable":true,"href":"https:\/\/vecinosdelinterior.com\/index.php\/wp-json\/wp\/v2\/users\/1"}],"replies":[{"embeddable":true,"href":"https:\/\/vecinosdelinterior.com\/index.php\/wp-json\/wp\/v2\/comments?post=5388"}],"version-history":[{"count":1,"href":"https:\/\/vecinosdelinterior.com\/index.php\/wp-json\/wp\/v2\/posts\/5388\/revisions"}],"predecessor-version":[{"id":5390,"href":"https:\/\/vecinosdelinterior.com\/index.php\/wp-json\/wp\/v2\/posts\/5388\/revisions\/5390"}],"wp:featuredmedia":[{"embeddable":true,"href":"https:\/\/vecinosdelinterior.com\/index.php\/wp-json\/wp\/v2\/media\/5389"}],"wp:attachment":[{"href":"https:\/\/vecinosdelinterior.com\/index.php\/wp-json\/wp\/v2\/media?parent=5388"}],"wp:term":[{"taxonomy":"category","embeddable":true,"href":"https:\/\/vecinosdelinterior.com\/index.php\/wp-json\/wp\/v2\/categories?post=5388"},{"taxonomy":"post_tag","embeddable":true,"href":"https:\/\/vecinosdelinterior.com\/index.php\/wp-json\/wp\/v2\/tags?post=5388"}],"curies":[{"name":"wp","href":"https:\/\/api.w.org\/{rel}","templated":true}]}}