{"id":5391,"date":"2025-09-08T00:51:00","date_gmt":"2025-09-08T03:51:00","guid":{"rendered":"https:\/\/vecinosdelinterior.com\/?p=5391"},"modified":"2025-09-09T12:55:33","modified_gmt":"2025-09-09T15:55:33","slug":"rally-argentino-postales-que-dejo-la-competencia-en-el-marco-imponen-de-los-paisajes-de-san-luis","status":"publish","type":"post","link":"https:\/\/vecinosdelinterior.com\/index.php\/2025\/09\/08\/rally-argentino-postales-que-dejo-la-competencia-en-el-marco-imponen-de-los-paisajes-de-san-luis\/","title":{"rendered":"Rally Argentino. Postales que dej\u00f3 la competencia en el marco imponen de los paisajes de San Luis."},"content":{"rendered":"\n<p>VECINOSDELINTERIOR.COM \/ 08 DE SETIEMBRE<br>\u2018Espy\u2019 Gonz\u00e1lez se alz\u00f3 con el podio del Rally Provincial y Pasten con el Nacional<br>La s\u00e9ptima fecha del Campeonato Argentino de Rally y la sexta del Rally Provincial hicieron vibrar a la provincia durante tres d\u00edas.<br>En esta ocasi\u00f3n, los tramos no solo recorrieron los bellos paisajes serranos, ya que el s\u00e1bado los pilotos corrieron, despu\u00e9s de m\u00e1s de 30 a\u00f1os, el S\u00faper Especial GADA (Grupo de Artiller\u00eda de Defensa A\u00e9rea), que se disput\u00f3 en el predio que el Ej\u00e9rcito tiene en Sarmiento y avenida Eva Per\u00f3n, por lo que los motores tambi\u00e9n rugieron en la capital.<br>El viernes, la acci\u00f3n comenz\u00f3 frente al Cabildo de La Punta con un vibrante shakedown. Por la noche, los autos y pilotos se trasladaron al centro puntano para dar el show de la largada simb\u00f3lica en Plaza Pringles.<br>El s\u00e1bado, en la primera etapa, la carrera recorri\u00f3 tramos en Paso del Rey, Inti Huasi, Ca\u00f1ada Honda, La Arenilla y la Ruta 10. El gran cierre fue en el GADA.<br>En el Nacional, Miguel Baldoni se alz\u00f3 con cinco de los siete tramos del s\u00e1bado y Federico Villagra fue el mejor en el predio del Ej\u00e9rcito; en el Provincial, Gonz\u00e1lez fue puntero escoltado por Syriani, que tuvo el mejor tiempo en el GADA.<\/p>\n","protected":false},"excerpt":{"rendered":"<p>VECINOSDELINTERIOR.COM \/ 08 DE SETIEMBRE\u2018Espy\u2019 Gonz\u00e1lez se alz\u00f3 con el podio del Rally Provincial y Pasten con el NacionalLa s\u00e9ptima fecha del Campeonato Argentino de Rally y la sexta del Rally Provincial hicieron vibrar a la provincia durante tres d\u00edas.En esta ocasi\u00f3n, los tramos no solo recorrieron los bellos paisajes serranos, ya que el s\u00e1bado [&hellip;]<\/p>\n","protected":false},"author":1,"featured_media":5402,"comment_status":"open","ping_status":"open","sticky":false,"template":"","format":"standard","meta":{"footnotes":""},"categories":[80],"tags":[447,391],"class_list":["post-5391","post","type-post","status-publish","format-standard","has-post-thumbnail","hentry","category-general","tag-deportes","tag-eventos"],"_links":{"self":[{"href":"https:\/\/vecinosdelinterior.com\/index.php\/wp-json\/wp\/v2\/posts\/5391","targetHints":{"allow":["GET"]}}],"collection":[{"href":"https:\/\/vecinosdelinterior.com\/index.php\/wp-json\/wp\/v2\/posts"}],"about":[{"href":"https:\/\/vecinosdelinterior.com\/index.php\/wp-json\/wp\/v2\/types\/post"}],"author":[{"embeddable":true,"href":"https:\/\/vecinosdelinterior.com\/index.php\/wp-json\/wp\/v2\/users\/1"}],"replies":[{"embeddable":true,"href":"https:\/\/vecinosdelinterior.com\/index.php\/wp-json\/wp\/v2\/comments?post=5391"}],"version-history":[{"count":1,"href":"https:\/\/vecinosdelinterior.com\/index.php\/wp-json\/wp\/v2\/posts\/5391\/revisions"}],"predecessor-version":[{"id":5403,"href":"https:\/\/vecinosdelinterior.com\/index.php\/wp-json\/wp\/v2\/posts\/5391\/revisions\/5403"}],"wp:featuredmedia":[{"embeddable":true,"href":"https:\/\/vecinosdelinterior.com\/index.php\/wp-json\/wp\/v2\/media\/5402"}],"wp:attachment":[{"href":"https:\/\/vecinosdelinterior.com\/index.php\/wp-json\/wp\/v2\/media?parent=5391"}],"wp:term":[{"taxonomy":"category","embeddable":true,"href":"https:\/\/vecinosdelinterior.com\/index.php\/wp-json\/wp\/v2\/categories?post=5391"},{"taxonomy":"post_tag","embeddable":true,"href":"https:\/\/vecinosdelinterior.com\/index.php\/wp-json\/wp\/v2\/tags?post=5391"}],"curies":[{"name":"wp","href":"https:\/\/api.w.org\/{rel}","templated":true}]}}