{"id":5404,"date":"2025-09-12T10:07:27","date_gmt":"2025-09-12T13:07:27","guid":{"rendered":"https:\/\/vecinosdelinterior.com\/?p=5404"},"modified":"2025-09-12T10:31:24","modified_gmt":"2025-09-12T13:31:24","slug":"5404","status":"publish","type":"post","link":"https:\/\/vecinosdelinterior.com\/index.php\/2025\/09\/12\/5404\/","title":{"rendered":"Un innovador proyecto de becas digitales para j\u00f3venes apostando a impulsar la econom\u00eda del conocimiento"},"content":{"rendered":"\n<p><\/p>\n\n\n\n<p><\/p>\n\n\n\n<p>El bloque de senadores justicialistas present\u00f3 el Proyecto de Ley \u201cPrograma Talento San Luis\u201d, que busca acompa\u00f1ar a estudiantes de carreras vinculadas a la Econom\u00eda del Conocimiento mediante becas que incluyen apoyo econ\u00f3mico, dispositivos digitales y conectividad. A cambio, los beneficiarios deber\u00e1n realizar una contraprestaci\u00f3n productiva, aportando soluciones tecnol\u00f3gicas para modernizar la gesti\u00f3n p\u00fablica, desde el desarrollo de software hasta la capacitaci\u00f3n digital de funcionarios y ciudadanos.<\/p>\n\n\n\n<p>La propuesta, impulsada por el senador Hugo \u201cPepe\u201d Olgu\u00edn, prioriza a j\u00f3venes en situaci\u00f3n de vulnerabilidad, zonas rurales o con discapacidad, con el objetivo de fomentar inclusi\u00f3n, arraigo y formaci\u00f3n local. El programa prev\u00e9 financiamiento provincial y la creaci\u00f3n de un fondo fiduciario para sumar aportes externos, adem\u00e1s de incentivos como certificaciones oficiales, networking y propiedad intelectual compartida. Seg\u00fan sus impulsores, no es un plan asistencial sino una inversi\u00f3n estrat\u00e9gica en capital humano y en el futuro de San Luis.<\/p>\n\n\n\n<p>Los j\u00f3venes que reciban estas becas a cambio realizar\u00e1n una contraprestaci\u00f3n p\u00fablica productiva que podr\u00e1 materializarse en diversas \u00e1reas: desde el desarrollo de software y aplicaciones para la gesti\u00f3n estatal, el an\u00e1lisis de datos para dise\u00f1ar pol\u00edticas p\u00fablicas basadas en evidencia, hasta la implementaci\u00f3n de medidas de ciberseguridad, la transformaci\u00f3n digital de servicios o la capacitaci\u00f3n tecnol\u00f3gica a funcionarios y ciudadanos.<\/p>\n\n\n\n<p>Los proyectos ser\u00e1n definidos a trav\u00e9s de convocatorias peri\u00f3dicas de innovaci\u00f3n p\u00fablica, en las que los organismos provinciales y municipales plantear\u00e1n desaf\u00edos concretos a resolver.<\/p>\n\n\n\n<p>Un aspecto novedoso del r\u00e9gimen es que los desarrollos tecnol\u00f3gicos creados bajo este esquema tendr\u00e1n propiedad intelectual compartida entre los becarios y la Provincia. Esto asegura al Estado el uso gratuito y perpetuo para fines p\u00fablicos, al tiempo que el estudiante conserva su autor\u00eda y puede capitalizarla en su carrera profesional.<\/p>\n\n\n\n<figure class=\"wp-block-gallery has-nested-images columns-default is-cropped wp-block-gallery-1 is-layout-flex wp-block-gallery-is-layout-flex\">\n<figure class=\"wp-block-image size-large\"><img fetchpriority=\"high\" decoding=\"async\" width=\"1024\" height=\"597\" data-id=\"5412\" src=\"https:\/\/vecinosdelinterior.com\/wp-content\/uploads\/2025\/09\/cursos-de-programacion-jovenes-s-1024x597.jpg\" alt=\"\" class=\"wp-image-5412\" srcset=\"https:\/\/vecinosdelinterior.com\/wp-content\/uploads\/2025\/09\/cursos-de-programacion-jovenes-s-1024x597.jpg 1024w, https:\/\/vecinosdelinterior.com\/wp-content\/uploads\/2025\/09\/cursos-de-programacion-jovenes-s-300x175.jpg 300w, https:\/\/vecinosdelinterior.com\/wp-content\/uploads\/2025\/09\/cursos-de-programacion-jovenes-s-768x448.jpg 768w, https:\/\/vecinosdelinterior.com\/wp-content\/uploads\/2025\/09\/cursos-de-programacion-jovenes-s-750x438.jpg 750w, https:\/\/vecinosdelinterior.com\/wp-content\/uploads\/2025\/09\/cursos-de-programacion-jovenes-s-1140x665.jpg 1140w, https:\/\/vecinosdelinterior.com\/wp-content\/uploads\/2025\/09\/cursos-de-programacion-jovenes-s.jpg 1200w\" sizes=\"(max-width: 1024px) 100vw, 1024px\" \/><\/figure>\n\n\n\n<figure class=\"wp-block-image size-large\"><img decoding=\"async\" width=\"664\" height=\"426\" data-id=\"5405\" src=\"https:\/\/vecinosdelinterior.com\/wp-content\/uploads\/2025\/09\/pepe-olguin.png\" alt=\"\" class=\"wp-image-5405\" srcset=\"https:\/\/vecinosdelinterior.com\/wp-content\/uploads\/2025\/09\/pepe-olguin.png 664w, https:\/\/vecinosdelinterior.com\/wp-content\/uploads\/2025\/09\/pepe-olguin-300x192.png 300w\" sizes=\"(max-width: 664px) 100vw, 664px\" \/><\/figure>\n<\/figure>\n\n\n\n<p><strong>Incentivos y oportunidades para los j\u00f3venes<\/strong><\/p>\n\n\n\n<p>Adem\u00e1s de los beneficios econ\u00f3micos y tecnol\u00f3gicos, el programa otorgar\u00e1 incentivos adicionales:<\/p>\n\n\n\n<p>Certificaciones oficiales que validen la experiencia adquirida.<\/p>\n\n\n\n<p>Posibilidad de generar redes de contacto con profesionales y empresas del sector.<\/p>\n\n\n\n<p>Prioridad en programas provinciales de empleo o emprendedurismo.<\/p>\n\n\n\n<p>Reconocimiento p\u00fablico a los proyectos exitosos y a los j\u00f3venes que los lleven adelante.<\/p>\n\n\n\n<p><\/p>\n\n\n\n<p><br><strong>\u00abEl Programa Talento San Luis es una inversi\u00f3n, no un gasto. Su finalidad es clara: formar talento en San Luis para San Luis, transformando la educaci\u00f3n en motor de desarrollo y la tecnolog\u00eda en herramienta de inclusi\u00f3n y justicia social\u00bb <\/strong>destac\u00f3 el legislador.<\/p>\n\n\n\n<p><\/p>\n","protected":false},"excerpt":{"rendered":"<p>El bloque de senadores justicialistas present\u00f3 el Proyecto de Ley \u201cPrograma Talento San Luis\u201d, que busca acompa\u00f1ar a estudiantes de carreras vinculadas a la Econom\u00eda del Conocimiento mediante becas que incluyen apoyo econ\u00f3mico, dispositivos digitales y conectividad. A cambio, los beneficiarios deber\u00e1n realizar una contraprestaci\u00f3n productiva, aportando soluciones tecnol\u00f3gicas para modernizar la gesti\u00f3n p\u00fablica, desde [&hellip;]<\/p>\n","protected":false},"author":1,"featured_media":5410,"comment_status":"open","ping_status":"open","sticky":false,"template":"","format":"standard","meta":{"footnotes":""},"categories":[1,80],"tags":[],"class_list":["post-5404","post","type-post","status-publish","format-standard","has-post-thumbnail","hentry","category-blog","category-general"],"_links":{"self":[{"href":"https:\/\/vecinosdelinterior.com\/index.php\/wp-json\/wp\/v2\/posts\/5404","targetHints":{"allow":["GET"]}}],"collection":[{"href":"https:\/\/vecinosdelinterior.com\/index.php\/wp-json\/wp\/v2\/posts"}],"about":[{"href":"https:\/\/vecinosdelinterior.com\/index.php\/wp-json\/wp\/v2\/types\/post"}],"author":[{"embeddable":true,"href":"https:\/\/vecinosdelinterior.com\/index.php\/wp-json\/wp\/v2\/users\/1"}],"replies":[{"embeddable":true,"href":"https:\/\/vecinosdelinterior.com\/index.php\/wp-json\/wp\/v2\/comments?post=5404"}],"version-history":[{"count":4,"href":"https:\/\/vecinosdelinterior.com\/index.php\/wp-json\/wp\/v2\/posts\/5404\/revisions"}],"predecessor-version":[{"id":5413,"href":"https:\/\/vecinosdelinterior.com\/index.php\/wp-json\/wp\/v2\/posts\/5404\/revisions\/5413"}],"wp:featuredmedia":[{"embeddable":true,"href":"https:\/\/vecinosdelinterior.com\/index.php\/wp-json\/wp\/v2\/media\/5410"}],"wp:attachment":[{"href":"https:\/\/vecinosdelinterior.com\/index.php\/wp-json\/wp\/v2\/media?parent=5404"}],"wp:term":[{"taxonomy":"category","embeddable":true,"href":"https:\/\/vecinosdelinterior.com\/index.php\/wp-json\/wp\/v2\/categories?post=5404"},{"taxonomy":"post_tag","embeddable":true,"href":"https:\/\/vecinosdelinterior.com\/index.php\/wp-json\/wp\/v2\/tags?post=5404"}],"curies":[{"name":"wp","href":"https:\/\/api.w.org\/{rel}","templated":true}]}}