{"id":5436,"date":"2025-09-16T07:20:00","date_gmt":"2025-09-16T10:20:00","guid":{"rendered":"https:\/\/vecinosdelinterior.com\/?p=5436"},"modified":"2025-09-16T08:21:40","modified_gmt":"2025-09-16T11:21:40","slug":"alumnos-de-apadis-de-la-toma-visitaron-el-centro-de-equinoterapia-la-pedrera","status":"publish","type":"post","link":"https:\/\/vecinosdelinterior.com\/index.php\/2025\/09\/16\/alumnos-de-apadis-de-la-toma-visitaron-el-centro-de-equinoterapia-la-pedrera\/","title":{"rendered":"Alumnos de Apadis de La Toma visitaron el Centro de Equinoterapia La Pedrera"},"content":{"rendered":"\n<p>VECINOSDELINTERIOR.COM \/ 16 DE SETIEMBRE<br>Con juegos, m\u00fasica y la compa\u00f1\u00eda de los caballos Blanca y Gigi, los chicos del Centro compartieron una jornada de inclusi\u00f3n, sonrisas y aprendizaje.<br>El pasado viernes durante la ma\u00f1ana, con el sol primaveral como c\u00f3mplice y la emoci\u00f3n a flor de piel, los alumnos de Apadis llegaron al Centro de Equinoterapia de La Pedrera con la expectativa propia de quienes est\u00e1n por descubrir algo nuevo. Tras un breve descanso y refrescarse por el calor, con gorritas puestas y sonrisas listas, comenzaron la jornada acerc\u00e1ndose a uno de los alumnos que realizaba su terapia en el lugar. Profesores y terapeutas les contaron en detalle el trabajo que all\u00ed se desarrolla, despertando curiosidad y admiraci\u00f3n en cada mirada.<br>Muy pronto, la m\u00fasica y la energ\u00eda de los profes Facundo y Nacho los invitaron a entrar en \u2018\u00f3rbita\u2019: aros, juegos, rondas y bailes se convirtieron en la primera gran conexi\u00f3n grupal. Entre trencitos y carcajadas, el camino los llev\u00f3 directamente a las caballerizas y los establos, all\u00ed aguardaban los protagonistas de la jornada: los caballos.<\/p>\n\n\n\n<figure class=\"wp-block-gallery has-nested-images columns-default is-cropped wp-block-gallery-1 is-layout-flex wp-block-gallery-is-layout-flex\">\n<figure class=\"wp-block-image size-large\"><img fetchpriority=\"high\" decoding=\"async\" width=\"500\" height=\"412\" data-id=\"5437\" src=\"https:\/\/vecinosdelinterior.com\/wp-content\/uploads\/2025\/09\/epadis-en-qeuino-vm_12-09-2025_01-500x412-1.jpg\" alt=\"\" class=\"wp-image-5437\" srcset=\"https:\/\/vecinosdelinterior.com\/wp-content\/uploads\/2025\/09\/epadis-en-qeuino-vm_12-09-2025_01-500x412-1.jpg 500w, https:\/\/vecinosdelinterior.com\/wp-content\/uploads\/2025\/09\/epadis-en-qeuino-vm_12-09-2025_01-500x412-1-300x247.jpg 300w\" sizes=\"(max-width: 500px) 100vw, 500px\" \/><\/figure>\n\n\n\n<figure class=\"wp-block-image size-large\"><img decoding=\"async\" width=\"1024\" height=\"683\" data-id=\"5438\" src=\"https:\/\/vecinosdelinterior.com\/wp-content\/uploads\/2025\/09\/epadis-en-qeuino-vm_12-09-2025_04-2048x1366-1-1024x683.jpg\" alt=\"\" class=\"wp-image-5438\" srcset=\"https:\/\/vecinosdelinterior.com\/wp-content\/uploads\/2025\/09\/epadis-en-qeuino-vm_12-09-2025_04-2048x1366-1-1024x683.jpg 1024w, https:\/\/vecinosdelinterior.com\/wp-content\/uploads\/2025\/09\/epadis-en-qeuino-vm_12-09-2025_04-2048x1366-1-300x200.jpg 300w, https:\/\/vecinosdelinterior.com\/wp-content\/uploads\/2025\/09\/epadis-en-qeuino-vm_12-09-2025_04-2048x1366-1-768x512.jpg 768w, https:\/\/vecinosdelinterior.com\/wp-content\/uploads\/2025\/09\/epadis-en-qeuino-vm_12-09-2025_04-2048x1366-1-1536x1025.jpg 1536w, https:\/\/vecinosdelinterior.com\/wp-content\/uploads\/2025\/09\/epadis-en-qeuino-vm_12-09-2025_04-2048x1366-1-750x500.jpg 750w, https:\/\/vecinosdelinterior.com\/wp-content\/uploads\/2025\/09\/epadis-en-qeuino-vm_12-09-2025_04-2048x1366-1-1140x760.jpg 1140w, https:\/\/vecinosdelinterior.com\/wp-content\/uploads\/2025\/09\/epadis-en-qeuino-vm_12-09-2025_04-2048x1366-1.jpg 2048w\" sizes=\"(max-width: 1024px) 100vw, 1024px\" \/><\/figure>\n<\/figure>\n\n\n\n<p><br>Las profes de equinoterapia hicieron un recorrido especial, mostrando desde los espacios de resguardo hasta los lugares de descanso de los animales. Los alumnos: B\u00e1rbara, Mat\u00edas, Ada, Brian, Marcelo, Nicol\u00e1s, Roberto, Lautaro, Lourdes, Cecilia, Daniel y Emmanuel; recorrieron fascinados, acompa\u00f1ados por la presidenta de la ONG, Cristina D\u00edaz y su staff de ayudantes, como Silvina, que en la instituci\u00f3n ense\u00f1a artesan\u00edas en cemento, y las se\u00f1os Flavia y Estefan\u00eda. Tambi\u00e9n participaron las veedoras Sara, Mar\u00eda Lorena y Daniela, junto a Nancy, encargada de la comida, todas felices de vivir de cerca la experiencia de estar junto a los caballos.<br>La directora del centro, Valeria Piffaretti, guio cada momento con paciencia y dedicaci\u00f3n. Habl\u00f3 con los chicos, los interpel\u00f3 con preguntas y les transmiti\u00f3 la importancia del cuidado y respeto hacia los animales. Entre corrales y pastizales, todos conocieron a Blanca y a Gigi, los coterapeutas de cuatro patas que se robaron m\u00e1s de un mimo y caricia.<br>Con el sol golpeando fuerte, lleg\u00f3 la hora de un refrigerio bajo la sombra de los \u00e1rboles. El mate, el bizcochuelo casero compartido y las risas en ronda dieron calor humano a la pausa. Despu\u00e9s, la actividad m\u00e1s esperada: alimentar a los caballos con zanahorias y manzanas. De a dos, los chicos se animaron a sostener el plato lleno de frutas cortadas.<br>Mar\u00eda Jos\u00e9, hija de la directora y fot\u00f3grafa improvisada de la jornada, resumi\u00f3 con frescura la experiencia: \u201cNo conoc\u00eda este lugar, la estamos pasando muy bien. Nos atendieron de diez\u201d. Tambi\u00e9n los padres que acompa\u00f1aron coincidieron: \u201cEl lugar es bell\u00edsimo y estamos felices de poder disfrutar esta experiencia junto a nuestra hija\u201d, compartieron emocionados Norma y Pedro pap\u00e1s de Cecilia.<br>Pasadas las 13:00, los visitantes se prepararon para recorrer la Pedrera y, si el tiempo lo permit\u00eda, conocer el estadio y su predio. Sin embargo, lo vivido en el centro de equinoterapia ya hab\u00eda marcado la jornada como un recuerdo imborrable.<\/p>\n\n\n\n<figure class=\"wp-block-gallery has-nested-images columns-default is-cropped wp-block-gallery-2 is-layout-flex wp-block-gallery-is-layout-flex\">\n<figure class=\"wp-block-image size-large\"><img decoding=\"async\" width=\"1024\" height=\"683\" data-id=\"5440\" src=\"https:\/\/vecinosdelinterior.com\/wp-content\/uploads\/2025\/09\/epadis-en-qeuino-vm_12-09-2025_16-2048x1365-1-1024x683.jpg\" alt=\"\" class=\"wp-image-5440\" srcset=\"https:\/\/vecinosdelinterior.com\/wp-content\/uploads\/2025\/09\/epadis-en-qeuino-vm_12-09-2025_16-2048x1365-1-1024x683.jpg 1024w, https:\/\/vecinosdelinterior.com\/wp-content\/uploads\/2025\/09\/epadis-en-qeuino-vm_12-09-2025_16-2048x1365-1-300x200.jpg 300w, https:\/\/vecinosdelinterior.com\/wp-content\/uploads\/2025\/09\/epadis-en-qeuino-vm_12-09-2025_16-2048x1365-1-768x512.jpg 768w, https:\/\/vecinosdelinterior.com\/wp-content\/uploads\/2025\/09\/epadis-en-qeuino-vm_12-09-2025_16-2048x1365-1-1536x1024.jpg 1536w, https:\/\/vecinosdelinterior.com\/wp-content\/uploads\/2025\/09\/epadis-en-qeuino-vm_12-09-2025_16-2048x1365-1-750x500.jpg 750w, https:\/\/vecinosdelinterior.com\/wp-content\/uploads\/2025\/09\/epadis-en-qeuino-vm_12-09-2025_16-2048x1365-1-1140x760.jpg 1140w, https:\/\/vecinosdelinterior.com\/wp-content\/uploads\/2025\/09\/epadis-en-qeuino-vm_12-09-2025_16-2048x1365-1.jpg 2048w\" sizes=\"(max-width: 1024px) 100vw, 1024px\" \/><\/figure>\n\n\n\n<figure class=\"wp-block-image size-large\"><img loading=\"lazy\" decoding=\"async\" width=\"1024\" height=\"683\" data-id=\"5439\" src=\"https:\/\/vecinosdelinterior.com\/wp-content\/uploads\/2025\/09\/epadis-en-qeuino-vm_12-09-2025_12-2048x1365-1-1024x683.jpg\" alt=\"\" class=\"wp-image-5439\" srcset=\"https:\/\/vecinosdelinterior.com\/wp-content\/uploads\/2025\/09\/epadis-en-qeuino-vm_12-09-2025_12-2048x1365-1-1024x683.jpg 1024w, https:\/\/vecinosdelinterior.com\/wp-content\/uploads\/2025\/09\/epadis-en-qeuino-vm_12-09-2025_12-2048x1365-1-300x200.jpg 300w, https:\/\/vecinosdelinterior.com\/wp-content\/uploads\/2025\/09\/epadis-en-qeuino-vm_12-09-2025_12-2048x1365-1-768x512.jpg 768w, https:\/\/vecinosdelinterior.com\/wp-content\/uploads\/2025\/09\/epadis-en-qeuino-vm_12-09-2025_12-2048x1365-1-1536x1024.jpg 1536w, https:\/\/vecinosdelinterior.com\/wp-content\/uploads\/2025\/09\/epadis-en-qeuino-vm_12-09-2025_12-2048x1365-1-750x500.jpg 750w, https:\/\/vecinosdelinterior.com\/wp-content\/uploads\/2025\/09\/epadis-en-qeuino-vm_12-09-2025_12-2048x1365-1-1140x760.jpg 1140w, https:\/\/vecinosdelinterior.com\/wp-content\/uploads\/2025\/09\/epadis-en-qeuino-vm_12-09-2025_12-2048x1365-1.jpg 2048w\" sizes=\"(max-width: 1024px) 100vw, 1024px\" \/><\/figure>\n<\/figure>\n\n\n\n<p><br>Luis Giraudo, desde la secretar\u00eda de Discapacidad, destac\u00f3 la importancia de estos encuentros: \u201cApoyamos permanentemente este tipo de actividades porque creemos que fortalecen la inclusi\u00f3n y generan momentos \u00fanicos para chicos y familias. Invitamos a todas las ONG a sumarse y vivir un d\u00eda especial junto a los caballos\u201d.<br>En la misma l\u00ednea, Piffaretti, la directora del centro, subray\u00f3 el valor de la experiencia compartida: \u201cCada visita es una oportunidad para ense\u00f1ar, aprender y abrir corazones. Hoy vimos sonrisas, escuchamos risas y sentimos la magia de la conexi\u00f3n con los caballos. Eso es lo que nos impulsa a seguir\u201d.<br>As\u00ed, entre mates, juegos y la nobleza de los caballos, la jornada se transform\u00f3 en una fiesta de emociones. Una experiencia de inclusi\u00f3n, ternura y aprendizaje que quedar\u00e1 en la memoria de todos los participantes.<\/p>\n","protected":false},"excerpt":{"rendered":"<p>VECINOSDELINTERIOR.COM \/ 16 DE SETIEMBRECon juegos, m\u00fasica y la compa\u00f1\u00eda de los caballos Blanca y Gigi, los chicos del Centro compartieron una jornada de inclusi\u00f3n, sonrisas y aprendizaje.El pasado viernes durante la ma\u00f1ana, con el sol primaveral como c\u00f3mplice y la emoci\u00f3n a flor de piel, los alumnos de Apadis llegaron al Centro de Equinoterapia [&hellip;]<\/p>\n","protected":false},"author":1,"featured_media":5437,"comment_status":"open","ping_status":"open","sticky":false,"template":"","format":"standard","meta":{"footnotes":""},"categories":[3,2],"tags":[],"class_list":["post-5436","post","type-post","status-publish","format-standard","has-post-thumbnail","hentry","category-la-toma","category-pringles"],"_links":{"self":[{"href":"https:\/\/vecinosdelinterior.com\/index.php\/wp-json\/wp\/v2\/posts\/5436","targetHints":{"allow":["GET"]}}],"collection":[{"href":"https:\/\/vecinosdelinterior.com\/index.php\/wp-json\/wp\/v2\/posts"}],"about":[{"href":"https:\/\/vecinosdelinterior.com\/index.php\/wp-json\/wp\/v2\/types\/post"}],"author":[{"embeddable":true,"href":"https:\/\/vecinosdelinterior.com\/index.php\/wp-json\/wp\/v2\/users\/1"}],"replies":[{"embeddable":true,"href":"https:\/\/vecinosdelinterior.com\/index.php\/wp-json\/wp\/v2\/comments?post=5436"}],"version-history":[{"count":1,"href":"https:\/\/vecinosdelinterior.com\/index.php\/wp-json\/wp\/v2\/posts\/5436\/revisions"}],"predecessor-version":[{"id":5441,"href":"https:\/\/vecinosdelinterior.com\/index.php\/wp-json\/wp\/v2\/posts\/5436\/revisions\/5441"}],"wp:featuredmedia":[{"embeddable":true,"href":"https:\/\/vecinosdelinterior.com\/index.php\/wp-json\/wp\/v2\/media\/5437"}],"wp:attachment":[{"href":"https:\/\/vecinosdelinterior.com\/index.php\/wp-json\/wp\/v2\/media?parent=5436"}],"wp:term":[{"taxonomy":"category","embeddable":true,"href":"https:\/\/vecinosdelinterior.com\/index.php\/wp-json\/wp\/v2\/categories?post=5436"},{"taxonomy":"post_tag","embeddable":true,"href":"https:\/\/vecinosdelinterior.com\/index.php\/wp-json\/wp\/v2\/tags?post=5436"}],"curies":[{"name":"wp","href":"https:\/\/api.w.org\/{rel}","templated":true}]}}