{"id":5442,"date":"2025-09-16T08:23:00","date_gmt":"2025-09-16T11:23:00","guid":{"rendered":"https:\/\/vecinosdelinterior.com\/?p=5442"},"modified":"2025-09-16T08:23:00","modified_gmt":"2025-09-16T11:23:00","slug":"buena-esperanza-inauguro-la-nueva-fachada-de-su-edificio-municipal","status":"publish","type":"post","link":"https:\/\/vecinosdelinterior.com\/index.php\/2025\/09\/16\/buena-esperanza-inauguro-la-nueva-fachada-de-su-edificio-municipal\/","title":{"rendered":"Buena Esperanza inaugur\u00f3 la nueva fachada de su edificio municipal"},"content":{"rendered":"\n<p>VECINOSDELINTERIOR.COM \/ 16 DE SETIEMBRE<br>La obra, contemplada en el plan \u2018Construyendo con Tu Pueblo\u2019, fue financiada en partes iguales por la Provincia y el Municipio. Gener\u00f3 empleo para 17 familias locales y coincidi\u00f3 con el 75\u00b0 aniversario del edificio.<br>Con un acto en el c\u00e1lido mediod\u00eda de este lunes donde el ministro de Gobierno, Gonzalo Amondarain, asisti\u00f3 en representaci\u00f3n del gobernador Claudio Poggi, y junto a la intendenta Sof\u00eda Larroud\u00e9, Buena Esperanza inaugur\u00f3 la remodelaci\u00f3n de la fachada del edificio municipal, que este a\u00f1o cumple 75 a\u00f1os de existencia.<br>Tanto la nueva fachada como la readecuaci\u00f3n de la iluminaci\u00f3n de la calle Bartolom\u00e9 Mitre se realizaron dentro del \u2018Construyendo con tu Pueblo\u2019 con una inversi\u00f3n total de $69.600.000. Este convenio se ejecuta entre la Provincia y los municipios, con financiamiento compartido al 50%.<br>El evento cont\u00f3 con la participaci\u00f3n de la directora de Asuntos Municipales, Valeria Lange; la subdirectora de Capacitaciones, Marisa Avellaneda; funcionarios locales y provinciales, concejales, representantes de instituciones y vecinos.<\/p>\n\n\n\n<figure class=\"wp-block-image size-large\"><img fetchpriority=\"high\" decoding=\"async\" width=\"1024\" height=\"683\" src=\"https:\/\/vecinosdelinterior.com\/wp-content\/uploads\/2025\/09\/DSC5024-1024x683.jpg\" alt=\"\" class=\"wp-image-5443\" srcset=\"https:\/\/vecinosdelinterior.com\/wp-content\/uploads\/2025\/09\/DSC5024-1024x683.jpg 1024w, https:\/\/vecinosdelinterior.com\/wp-content\/uploads\/2025\/09\/DSC5024-300x200.jpg 300w, https:\/\/vecinosdelinterior.com\/wp-content\/uploads\/2025\/09\/DSC5024-768x512.jpg 768w, https:\/\/vecinosdelinterior.com\/wp-content\/uploads\/2025\/09\/DSC5024-750x500.jpg 750w, https:\/\/vecinosdelinterior.com\/wp-content\/uploads\/2025\/09\/DSC5024-1140x760.jpg 1140w, https:\/\/vecinosdelinterior.com\/wp-content\/uploads\/2025\/09\/DSC5024.jpg 1200w\" sizes=\"(max-width: 1024px) 100vw, 1024px\" \/><\/figure>\n\n\n\n<p><br>La intendenta Larroud\u00e9 expres\u00f3 su satisfacci\u00f3n por la concreci\u00f3n del proyecto: \u201cEs una obra significativa para la localidad, no solo por lo que representa el edificio municipal, sino tambi\u00e9n porque gener\u00f3 empleo para m\u00e1s de 17 familias en un contexto dif\u00edcil. Adem\u00e1s de la renovaci\u00f3n de la fachada, el programa incluy\u00f3 la modernizaci\u00f3n de la luminaria que jerarquiz\u00f3 los barrios Pedro Guti\u00e9rrez, Centro y Norte\u201d.<br>Por su parte, el ministro Amondarain, quien es oriundo de esta localidad del sur provincial, transmiti\u00f3 el saludo del Jefe de Estado y subray\u00f3 el car\u00e1cter asociativo de la iniciativa: \u201cEste plan fue ideado por el Gobernador y significa trabajar en conjunto, independientemente de los colores pol\u00edticos. Cada intendente elige las obras y se garantiza que la mano de obra y los recursos se queden en la localidad. Es un beneficio para toda la comunidad\u201d.<br>Desde el Municipio remarcaron tambi\u00e9n la importancia de la obra p\u00fablica en el interior provincial, no solo como infraestructura, sino como motor de empleo, dinamismo econ\u00f3mico y cohesi\u00f3n social.<br>Durante el acto se reconoci\u00f3 a Juan Carlos \u2018Mareco\u2019 Ojeda quien se jubil\u00f3 luego de cumplir tareas en Servicios B\u00e1sicos y adem\u00e1s se llev\u00f3 a cabo el tradicional corte de cintas encabezado por la Intendenta y el Ministro, dentro de un contexto de acompa\u00f1amiento provincial.<\/p>\n","protected":false},"excerpt":{"rendered":"<p>VECINOSDELINTERIOR.COM \/ 16 DE SETIEMBRELa obra, contemplada en el plan \u2018Construyendo con Tu Pueblo\u2019, fue financiada en partes iguales por la Provincia y el Municipio. Gener\u00f3 empleo para 17 familias locales y coincidi\u00f3 con el 75\u00b0 aniversario del edificio.Con un acto en el c\u00e1lido mediod\u00eda de este lunes donde el ministro de Gobierno, Gonzalo Amondarain, [&hellip;]<\/p>\n","protected":false},"author":1,"featured_media":5444,"comment_status":"open","ping_status":"open","sticky":false,"template":"","format":"standard","meta":{"footnotes":""},"categories":[18,16],"tags":[177],"class_list":["post-5442","post","type-post","status-publish","format-standard","has-post-thumbnail","hentry","category-buena-esperanza-dupuy","category-dupuy","tag-gestiones-destacadas"],"_links":{"self":[{"href":"https:\/\/vecinosdelinterior.com\/index.php\/wp-json\/wp\/v2\/posts\/5442","targetHints":{"allow":["GET"]}}],"collection":[{"href":"https:\/\/vecinosdelinterior.com\/index.php\/wp-json\/wp\/v2\/posts"}],"about":[{"href":"https:\/\/vecinosdelinterior.com\/index.php\/wp-json\/wp\/v2\/types\/post"}],"author":[{"embeddable":true,"href":"https:\/\/vecinosdelinterior.com\/index.php\/wp-json\/wp\/v2\/users\/1"}],"replies":[{"embeddable":true,"href":"https:\/\/vecinosdelinterior.com\/index.php\/wp-json\/wp\/v2\/comments?post=5442"}],"version-history":[{"count":1,"href":"https:\/\/vecinosdelinterior.com\/index.php\/wp-json\/wp\/v2\/posts\/5442\/revisions"}],"predecessor-version":[{"id":5445,"href":"https:\/\/vecinosdelinterior.com\/index.php\/wp-json\/wp\/v2\/posts\/5442\/revisions\/5445"}],"wp:featuredmedia":[{"embeddable":true,"href":"https:\/\/vecinosdelinterior.com\/index.php\/wp-json\/wp\/v2\/media\/5444"}],"wp:attachment":[{"href":"https:\/\/vecinosdelinterior.com\/index.php\/wp-json\/wp\/v2\/media?parent=5442"}],"wp:term":[{"taxonomy":"category","embeddable":true,"href":"https:\/\/vecinosdelinterior.com\/index.php\/wp-json\/wp\/v2\/categories?post=5442"},{"taxonomy":"post_tag","embeddable":true,"href":"https:\/\/vecinosdelinterior.com\/index.php\/wp-json\/wp\/v2\/tags?post=5442"}],"curies":[{"name":"wp","href":"https:\/\/api.w.org\/{rel}","templated":true}]}}