{"id":5449,"date":"2025-09-16T21:06:51","date_gmt":"2025-09-17T00:06:51","guid":{"rendered":"https:\/\/vecinosdelinterior.com\/?p=5449"},"modified":"2025-09-16T21:09:14","modified_gmt":"2025-09-17T00:09:14","slug":"el-senador-hugo-olguin-cruzo-al-vice-gobernador-endeiza-por-no-acompanar-el-repudio-al-veto-demilei-al-presupuesto-universitario","status":"publish","type":"post","link":"https:\/\/vecinosdelinterior.com\/index.php\/2025\/09\/16\/el-senador-hugo-olguin-cruzo-al-vice-gobernador-endeiza-por-no-acompanar-el-repudio-al-veto-demilei-al-presupuesto-universitario\/","title":{"rendered":"El senador Hugo Olgu\u00edn cruz\u00f3 al Vice gobernador Endeiza por no acompa\u00f1ar el repudio al veto de Milei presupuesto universitario"},"content":{"rendered":"\n<p>VECINOSDELINTERIOR.COM \/ 16 DE SETIEMBRE<br>La discusi\u00f3n se dio en la sesi\u00f3n de este martes en el Senado provincial cuando senadores del PJ pidieron el tratamiento sobre tablas de un proyecto de repudio al veto presidencial que el presidente Milei hizo al presupuesto universitario.<br>La solicitud, qued\u00f3 empatada en 4 a 4 lo que oblig\u00f3 al vicegobernador y presidente del Senado, Ricardo Endeiza, a desempatar. Su voto negativo fren\u00f3 el tratamiento inmediato y envi\u00f3 la iniciativa a comisi\u00f3n, donde el oficialismo mantiene mayor\u00eda, lo que determina pr\u00e1cticamente que no se trate m\u00e1s.<\/p>\n\n\n\n<figure class=\"wp-block-image size-full\"><img fetchpriority=\"high\" decoding=\"async\" width=\"698\" height=\"502\" src=\"https:\/\/vecinosdelinterior.com\/wp-content\/uploads\/2025\/09\/16-9-2025-17-40-19.jpg\" alt=\"\" class=\"wp-image-5450\" srcset=\"https:\/\/vecinosdelinterior.com\/wp-content\/uploads\/2025\/09\/16-9-2025-17-40-19.jpg 698w, https:\/\/vecinosdelinterior.com\/wp-content\/uploads\/2025\/09\/16-9-2025-17-40-19-300x216.jpg 300w, https:\/\/vecinosdelinterior.com\/wp-content\/uploads\/2025\/09\/16-9-2025-17-40-19-120x86.jpg 120w\" sizes=\"(max-width: 698px) 100vw, 698px\" \/><\/figure>\n\n\n\n<p><br>\u201cEstamos frente de una decisi\u00f3n pol\u00edtica del Poder Ejecutivo que es un golpe directo a la universidad p\u00fablica, el veto de la ley de desfinanciamiento. Y se trata de una medida que no solo desfinancia a las universidades, sino que tambi\u00e9n desfinancia el futuro de millones de j\u00f3venes que sue\u00f1an con progresar, que ven a la educaci\u00f3n p\u00fablica como herramienta de movilidad social y de igualdad de oportunidades. Un veto que lastima a la naci\u00f3n en su conjunto, pero que tambi\u00e9n golpea de lleno a nuestra provincia. Porque aqu\u00ed tenemos la Universidad Nacional de San Luis, la de Los Comechingones, la de Villa Mercedes. Instituciones que forman a miles de estudiantes puntanos y que producen conocimientos cient\u00edficos con impacto real en nuestro territorio\u00bb , remarc\u00f3 el legislador del bloque Justicialista.<br>Adem\u00e1s lament\u00f3 la postura del vicegobernador al recordar que el mismo viene formado por una escuela y una universidad p\u00fablica.<\/p>\n","protected":false},"excerpt":{"rendered":"<p>VECINOSDELINTERIOR.COM \/ 16 DE SETIEMBRELa discusi\u00f3n se dio en la sesi\u00f3n de este martes en el Senado provincial cuando senadores del PJ pidieron el tratamiento sobre tablas de un proyecto de repudio al veto presidencial que el presidente Milei hizo al presupuesto universitario.La solicitud, qued\u00f3 empatada en 4 a 4 lo que oblig\u00f3 al vicegobernador [&hellip;]<\/p>\n","protected":false},"author":1,"featured_media":5450,"comment_status":"open","ping_status":"open","sticky":false,"template":"","format":"standard","meta":{"footnotes":""},"categories":[29,80],"tags":[419,492,508],"class_list":["post-5449","post","type-post","status-publish","format-standard","has-post-thumbnail","hentry","category-chacabuco","category-general","tag-educacion","tag-politica","tag-universidades"],"_links":{"self":[{"href":"https:\/\/vecinosdelinterior.com\/index.php\/wp-json\/wp\/v2\/posts\/5449","targetHints":{"allow":["GET"]}}],"collection":[{"href":"https:\/\/vecinosdelinterior.com\/index.php\/wp-json\/wp\/v2\/posts"}],"about":[{"href":"https:\/\/vecinosdelinterior.com\/index.php\/wp-json\/wp\/v2\/types\/post"}],"author":[{"embeddable":true,"href":"https:\/\/vecinosdelinterior.com\/index.php\/wp-json\/wp\/v2\/users\/1"}],"replies":[{"embeddable":true,"href":"https:\/\/vecinosdelinterior.com\/index.php\/wp-json\/wp\/v2\/comments?post=5449"}],"version-history":[{"count":2,"href":"https:\/\/vecinosdelinterior.com\/index.php\/wp-json\/wp\/v2\/posts\/5449\/revisions"}],"predecessor-version":[{"id":5452,"href":"https:\/\/vecinosdelinterior.com\/index.php\/wp-json\/wp\/v2\/posts\/5449\/revisions\/5452"}],"wp:featuredmedia":[{"embeddable":true,"href":"https:\/\/vecinosdelinterior.com\/index.php\/wp-json\/wp\/v2\/media\/5450"}],"wp:attachment":[{"href":"https:\/\/vecinosdelinterior.com\/index.php\/wp-json\/wp\/v2\/media?parent=5449"}],"wp:term":[{"taxonomy":"category","embeddable":true,"href":"https:\/\/vecinosdelinterior.com\/index.php\/wp-json\/wp\/v2\/categories?post=5449"},{"taxonomy":"post_tag","embeddable":true,"href":"https:\/\/vecinosdelinterior.com\/index.php\/wp-json\/wp\/v2\/tags?post=5449"}],"curies":[{"name":"wp","href":"https:\/\/api.w.org\/{rel}","templated":true}]}}