{"id":5457,"date":"2025-09-18T10:44:55","date_gmt":"2025-09-18T13:44:55","guid":{"rendered":"https:\/\/vecinosdelinterior.com\/?p=5457"},"modified":"2025-09-18T10:44:55","modified_gmt":"2025-09-18T13:44:55","slug":"tras-una-persecucion-la-policia-demoro-a-dos-sujetos-por-el-robo-de-un-cordero-en-un-establecimiento-rural","status":"publish","type":"post","link":"https:\/\/vecinosdelinterior.com\/index.php\/2025\/09\/18\/tras-una-persecucion-la-policia-demoro-a-dos-sujetos-por-el-robo-de-un-cordero-en-un-establecimiento-rural\/","title":{"rendered":"Tras una persecuci\u00f3n, la Polic\u00eda demor\u00f3 a dos sujetos por el robo de un cordero en un establecimiento rural"},"content":{"rendered":"\n<p>VECINOSDELINTERIOR.COM \/ 18 DE SETIEMBRE<br>Este martes 16 de septiembre por la tarde, en el marco de un recorrido preventivo por Autopista 55, polic\u00edas de la Subcomisar\u00eda 7\u00b0 de Juan Llerena observaron un autom\u00f3vil Ford Focus estacionado sobre la banquina, a la altura del kil\u00f3metro 805.<br>Al intentar identificar a dos sujetos que se encontraban en inmediaciones del auto, los mismos se subieron al rodado r\u00e1pidamente y emprendieron la fuga hacia el norte.<br>Por tal motivo se inici\u00f3 una persecuci\u00f3n que culmin\u00f3 en la ruta provincial 20, a unos dos kil\u00f3metros antes del ingreso a La Toma.<br>Con la colaboraci\u00f3n de efectivos de la Comisar\u00eda Distrito 16\u00b0, se llev\u00f3 adelante la requisa del veh\u00edculo, secuestr\u00e1ndose dos cuchillos tipo caseros, una linterna y una linga con manchas aparentemente de sangre. Adem\u00e1s, los polic\u00edas encontraron en el ba\u00fal del auto un cordero adulto.<br>Cabe se\u00f1alar que el autom\u00f3vil Ford Focus fue secuestrado preventivamente por irregularidades en la documentaci\u00f3n.<br>Los hombres, de 30 y 35 a\u00f1os de edad, fueron demorados y trasladados a una dependencia policial, donde quedaron a disposici\u00f3n de la Justicia provincial.<br>Cabe se\u00f1alar que, tras diversas averiguaciones, se constat\u00f3 que el cordero hab\u00eda sido robado de un establecimiento de la zona de San Jos\u00e9 del Morro. En ese sentido, el animal recuperado qued\u00f3 a disposici\u00f3n de su propietario.<\/p>\n","protected":false},"excerpt":{"rendered":"<p>VECINOSDELINTERIOR.COM \/ 18 DE SETIEMBREEste martes 16 de septiembre por la tarde, en el marco de un recorrido preventivo por Autopista 55, polic\u00edas de la Subcomisar\u00eda 7\u00b0 de Juan Llerena observaron un autom\u00f3vil Ford Focus estacionado sobre la banquina, a la altura del kil\u00f3metro 805.Al intentar identificar a dos sujetos que se encontraban en inmediaciones [&hellip;]<\/p>\n","protected":false},"author":1,"featured_media":5458,"comment_status":"open","ping_status":"open","sticky":false,"template":"","format":"standard","meta":{"footnotes":""},"categories":[1],"tags":[213],"class_list":["post-5457","post","type-post","status-publish","format-standard","has-post-thumbnail","hentry","category-blog","tag-policial"],"_links":{"self":[{"href":"https:\/\/vecinosdelinterior.com\/index.php\/wp-json\/wp\/v2\/posts\/5457","targetHints":{"allow":["GET"]}}],"collection":[{"href":"https:\/\/vecinosdelinterior.com\/index.php\/wp-json\/wp\/v2\/posts"}],"about":[{"href":"https:\/\/vecinosdelinterior.com\/index.php\/wp-json\/wp\/v2\/types\/post"}],"author":[{"embeddable":true,"href":"https:\/\/vecinosdelinterior.com\/index.php\/wp-json\/wp\/v2\/users\/1"}],"replies":[{"embeddable":true,"href":"https:\/\/vecinosdelinterior.com\/index.php\/wp-json\/wp\/v2\/comments?post=5457"}],"version-history":[{"count":1,"href":"https:\/\/vecinosdelinterior.com\/index.php\/wp-json\/wp\/v2\/posts\/5457\/revisions"}],"predecessor-version":[{"id":5459,"href":"https:\/\/vecinosdelinterior.com\/index.php\/wp-json\/wp\/v2\/posts\/5457\/revisions\/5459"}],"wp:featuredmedia":[{"embeddable":true,"href":"https:\/\/vecinosdelinterior.com\/index.php\/wp-json\/wp\/v2\/media\/5458"}],"wp:attachment":[{"href":"https:\/\/vecinosdelinterior.com\/index.php\/wp-json\/wp\/v2\/media?parent=5457"}],"wp:term":[{"taxonomy":"category","embeddable":true,"href":"https:\/\/vecinosdelinterior.com\/index.php\/wp-json\/wp\/v2\/categories?post=5457"},{"taxonomy":"post_tag","embeddable":true,"href":"https:\/\/vecinosdelinterior.com\/index.php\/wp-json\/wp\/v2\/tags?post=5457"}],"curies":[{"name":"wp","href":"https:\/\/api.w.org\/{rel}","templated":true}]}}