{"id":5478,"date":"2025-09-24T23:34:21","date_gmt":"2025-09-25T02:34:21","guid":{"rendered":"https:\/\/vecinosdelinterior.com\/?p=5478"},"modified":"2025-09-24T23:34:21","modified_gmt":"2025-09-25T02:34:21","slug":"avanza-la-reparacion-del-camino-de-ingreso-a-las-vertientes","status":"publish","type":"post","link":"https:\/\/vecinosdelinterior.com\/index.php\/2025\/09\/24\/avanza-la-reparacion-del-camino-de-ingreso-a-las-vertientes\/","title":{"rendered":"Avanza la reparaci\u00f3n del camino de ingreso a Las Vertientes"},"content":{"rendered":"\n<p>vecinosdelinterior.com \/ de setiembre<br>M\u00e1quinas y cuadrillas llevaron adelante trabajos de reparaci\u00f3n y mantenimiento en el camino de ingreso a la localidad en la ruta 2C, como parte del Plan de Reconstrucci\u00f3n del departamento San Mart\u00edn.<br>Maquinarias y cuadrillas trabajan para dejar a punto un acceso central para los vecinos y el movimiento de la producci\u00f3n local.<br>El Plan de Reconstrucci\u00f3n del departamento San Mart\u00edn, que entre otros puntos busca mejorar la transitabilidad y facilitar el acceso a las familias rurales de la zona, avanza en la reparaci\u00f3n y mantenimiento del camino principal de ingreso a Las Vertientes con tareas en la ruta 2C.<br>El operativo incluy\u00f3 nivelaci\u00f3n de calzada, mejoras en la superficie y reacondicionamiento de sectores cr\u00edticos, con el fin de asegurar la circulaci\u00f3n y brindar mayor seguridad a quienes utilizan a diario este camino rural. La obra busca dar respuesta a una demanda hist\u00f3rica de sus habitantes, que dependen de esa v\u00eda para trasladarse, acceder a servicios y transportar su producci\u00f3n.<br>\u201cEste trabajo forma parte de un compromiso de nuestro Gobierno. fortalecer la infraestructura rural como uno de los ejes de desarrollo productivo y social. Con cada camino que reconstruimos, acercamos m\u00e1s oportunidades y mejoramos la calidad de vida de las familias del interior\u201d, expres\u00f3 el ministro de Desarrollo Productivo, Federico Trombotto.<\/p>\n","protected":false},"excerpt":{"rendered":"<p>vecinosdelinterior.com \/ de setiembreM\u00e1quinas y cuadrillas llevaron adelante trabajos de reparaci\u00f3n y mantenimiento en el camino de ingreso a la localidad en la ruta 2C, como parte del Plan de Reconstrucci\u00f3n del departamento San Mart\u00edn.Maquinarias y cuadrillas trabajan para dejar a punto un acceso central para los vecinos y el movimiento de la producci\u00f3n local.El [&hellip;]<\/p>\n","protected":false},"author":1,"featured_media":5479,"comment_status":"open","ping_status":"open","sticky":false,"template":"","format":"standard","meta":{"footnotes":""},"categories":[1],"tags":[],"class_list":["post-5478","post","type-post","status-publish","format-standard","has-post-thumbnail","hentry","category-blog"],"_links":{"self":[{"href":"https:\/\/vecinosdelinterior.com\/index.php\/wp-json\/wp\/v2\/posts\/5478","targetHints":{"allow":["GET"]}}],"collection":[{"href":"https:\/\/vecinosdelinterior.com\/index.php\/wp-json\/wp\/v2\/posts"}],"about":[{"href":"https:\/\/vecinosdelinterior.com\/index.php\/wp-json\/wp\/v2\/types\/post"}],"author":[{"embeddable":true,"href":"https:\/\/vecinosdelinterior.com\/index.php\/wp-json\/wp\/v2\/users\/1"}],"replies":[{"embeddable":true,"href":"https:\/\/vecinosdelinterior.com\/index.php\/wp-json\/wp\/v2\/comments?post=5478"}],"version-history":[{"count":1,"href":"https:\/\/vecinosdelinterior.com\/index.php\/wp-json\/wp\/v2\/posts\/5478\/revisions"}],"predecessor-version":[{"id":5480,"href":"https:\/\/vecinosdelinterior.com\/index.php\/wp-json\/wp\/v2\/posts\/5478\/revisions\/5480"}],"wp:featuredmedia":[{"embeddable":true,"href":"https:\/\/vecinosdelinterior.com\/index.php\/wp-json\/wp\/v2\/media\/5479"}],"wp:attachment":[{"href":"https:\/\/vecinosdelinterior.com\/index.php\/wp-json\/wp\/v2\/media?parent=5478"}],"wp:term":[{"taxonomy":"category","embeddable":true,"href":"https:\/\/vecinosdelinterior.com\/index.php\/wp-json\/wp\/v2\/categories?post=5478"},{"taxonomy":"post_tag","embeddable":true,"href":"https:\/\/vecinosdelinterior.com\/index.php\/wp-json\/wp\/v2\/tags?post=5478"}],"curies":[{"name":"wp","href":"https:\/\/api.w.org\/{rel}","templated":true}]}}