{"id":5486,"date":"2025-09-23T23:36:17","date_gmt":"2025-09-24T02:36:17","guid":{"rendered":"https:\/\/vecinosdelinterior.com\/?p=5486"},"modified":"2025-09-24T23:37:46","modified_gmt":"2025-09-25T02:37:46","slug":"nogoli-un-joven-fue-hospitalizado-tras-accidentarse-en-una-motocicleta","status":"publish","type":"post","link":"https:\/\/vecinosdelinterior.com\/index.php\/2025\/09\/23\/nogoli-un-joven-fue-hospitalizado-tras-accidentarse-en-una-motocicleta\/","title":{"rendered":"Nogol\u00ed: un joven fue hospitalizado tras accidentarse en una motocicleta"},"content":{"rendered":"\n<p>VECINOSDELINTERIOR.COM \/ 23 DE SETIEMBRE<br>El domingo 21 de septiembre por la ma\u00f1ana, efectivos de la Comisar\u00eda Distrito 45\u00b0 fueron alertados sobre la presencia de un joven que caminaba descalzo a la vera de la ruta provincial 9, en Nogol\u00ed. Al ser asistido, el joven -de 23 a\u00f1os de edad- relat\u00f3 que hab\u00eda protagonizado un siniestro vial durante la madrugada de ese d\u00eda cuando transitaba en motocicleta desde la zona del dique Nogol\u00ed hacia el centro de la localidad.<br>Por razones que se tratan de establecer, el conductor perdi\u00f3 el control del rodado en una curva e impact\u00f3 contra un \u00e1rbol y un poste de cemento.<br>En ese sentido, fue trasladado al centro de salud local, donde recibi\u00f3 las primeras atenciones m\u00e9dicas. Posteriormente, y por recomendaci\u00f3n profesional, fue derivado en ambulancia hacia el Hospital Central \u201cDr. Ram\u00f3n Carrillo\u201d de la ciudad de San Luis para una mejor atenci\u00f3n.<br>En el lugar del accidente, efectivos policiales procedieron al secuestro preventivo de la motocicleta Zanella 110 cilindradas involucrada, la cual fue resguardada en la Comisar\u00eda Distrito 45\u00b0.<\/p>\n","protected":false},"excerpt":{"rendered":"<p>VECINOSDELINTERIOR.COM \/ 23 DE SETIEMBREEl domingo 21 de septiembre por la ma\u00f1ana, efectivos de la Comisar\u00eda Distrito 45\u00b0 fueron alertados sobre la presencia de un joven que caminaba descalzo a la vera de la ruta provincial 9, en Nogol\u00ed. Al ser asistido, el joven -de 23 a\u00f1os de edad- relat\u00f3 que hab\u00eda protagonizado un siniestro [&hellip;]<\/p>\n","protected":false},"author":1,"featured_media":5487,"comment_status":"open","ping_status":"open","sticky":false,"template":"","format":"standard","meta":{"footnotes":""},"categories":[92,135],"tags":[46],"class_list":["post-5486","post","type-post","status-publish","format-standard","has-post-thumbnail","hentry","category-belgrano","category-nogoli","tag-policiales"],"_links":{"self":[{"href":"https:\/\/vecinosdelinterior.com\/index.php\/wp-json\/wp\/v2\/posts\/5486","targetHints":{"allow":["GET"]}}],"collection":[{"href":"https:\/\/vecinosdelinterior.com\/index.php\/wp-json\/wp\/v2\/posts"}],"about":[{"href":"https:\/\/vecinosdelinterior.com\/index.php\/wp-json\/wp\/v2\/types\/post"}],"author":[{"embeddable":true,"href":"https:\/\/vecinosdelinterior.com\/index.php\/wp-json\/wp\/v2\/users\/1"}],"replies":[{"embeddable":true,"href":"https:\/\/vecinosdelinterior.com\/index.php\/wp-json\/wp\/v2\/comments?post=5486"}],"version-history":[{"count":1,"href":"https:\/\/vecinosdelinterior.com\/index.php\/wp-json\/wp\/v2\/posts\/5486\/revisions"}],"predecessor-version":[{"id":5488,"href":"https:\/\/vecinosdelinterior.com\/index.php\/wp-json\/wp\/v2\/posts\/5486\/revisions\/5488"}],"wp:featuredmedia":[{"embeddable":true,"href":"https:\/\/vecinosdelinterior.com\/index.php\/wp-json\/wp\/v2\/media\/5487"}],"wp:attachment":[{"href":"https:\/\/vecinosdelinterior.com\/index.php\/wp-json\/wp\/v2\/media?parent=5486"}],"wp:term":[{"taxonomy":"category","embeddable":true,"href":"https:\/\/vecinosdelinterior.com\/index.php\/wp-json\/wp\/v2\/categories?post=5486"},{"taxonomy":"post_tag","embeddable":true,"href":"https:\/\/vecinosdelinterior.com\/index.php\/wp-json\/wp\/v2\/tags?post=5486"}],"curies":[{"name":"wp","href":"https:\/\/api.w.org\/{rel}","templated":true}]}}