{"id":5489,"date":"2025-09-22T23:37:50","date_gmt":"2025-09-23T02:37:50","guid":{"rendered":"https:\/\/vecinosdelinterior.com\/?p=5489"},"modified":"2025-09-24T23:39:08","modified_gmt":"2025-09-25T02:39:08","slug":"quemaron-una-casa-mientras-dos-hermanos-dormian","status":"publish","type":"post","link":"https:\/\/vecinosdelinterior.com\/index.php\/2025\/09\/22\/quemaron-una-casa-mientras-dos-hermanos-dormian\/","title":{"rendered":"Quemaron una casa mientras dos hermanos dorm\u00edan"},"content":{"rendered":"\n<p>Vecinos y polic\u00edas les salvaron la vida. El incendio fue provocado tras una pelea entre j\u00f3venes. Hay un detenido.<br>VECINOSDELINTERIOR.COM \/ 22 DE SETIEMBRE<\/p>\n\n\n\n<p>La localidad de San Jer\u00f3nimo vivi\u00f3 momentos de mucha tensi\u00f3n y dramatismo por el incendio de una vivienda que pudo haber sido una tragedia. No lo fue por la arriesgada solidaridad de vecinos y polic\u00edas que rescataron a dos hermanos que hab\u00edan quedado atrapados entre el fuego.<\/p>\n\n\n\n<p>Todo indica que se trat\u00f3 de un hecho intencional, porque horas antes hubo problemas entre j\u00f3venes cuando consum\u00edan alcohol. Por este grave episodio, ya hay un detenido.<\/p>\n\n\n\n<p>La emergencia ocurri\u00f3 este domingo, alrededor de las 02:00 de la madrugada, en una propiedad situada a poca distancia de la Subcomisaria N\u00b0 21.<\/p>\n\n\n\n<p>Mientras se luchaba para controlar el fuego, dos polic\u00edas tuvieron que recibir atenci\u00f3n m\u00e9dica y luego trasladados al Hospital Central \u201cRam\u00f3n Carrillo\u201d porque sufrieron problemas respiratorios. Tras ser asistidos, al mediod\u00eda recibieron el alta m\u00e9dica.<\/p>\n\n\n\n<p>Ahora, la labor investigativa apunta a determinar con exactitud los motivos que derivaron en lo que pudo ser un drama mayor en la comuna situada a unos 30 kil\u00f3metros al norte de la ciudad de San Luis, en el departamento Pueyrred\u00f3n.<\/p>\n\n\n\n<p>De acuerdo a lo que se comenta entre los pobladores, la quemaz\u00f3n de la casa fue consecuencia de una pelea que ocurri\u00f3 el s\u00e1bado en medio de una ingesta de bebidas alcoh\u00f3licas.<\/p>\n\n\n\n<p>Aparentemente, lo que eran un simple insulto deriv\u00f3 en que, mientras los dos hermanos dorm\u00edan, su contrincante o contrincantes le prendieron el fuego a la vivienda.<br>Fuente: EDDLR<\/p>\n","protected":false},"excerpt":{"rendered":"<p>Vecinos y polic\u00edas les salvaron la vida. El incendio fue provocado tras una pelea entre j\u00f3venes. Hay un detenido.VECINOSDELINTERIOR.COM \/ 22 DE SETIEMBRE La localidad de San Jer\u00f3nimo vivi\u00f3 momentos de mucha tensi\u00f3n y dramatismo por el incendio de una vivienda que pudo haber sido una tragedia. No lo fue por la arriesgada solidaridad de [&hellip;]<\/p>\n","protected":false},"author":1,"featured_media":5490,"comment_status":"open","ping_status":"open","sticky":false,"template":"","format":"standard","meta":{"footnotes":""},"categories":[1],"tags":[46],"class_list":["post-5489","post","type-post","status-publish","format-standard","has-post-thumbnail","hentry","category-blog","tag-policiales"],"_links":{"self":[{"href":"https:\/\/vecinosdelinterior.com\/index.php\/wp-json\/wp\/v2\/posts\/5489","targetHints":{"allow":["GET"]}}],"collection":[{"href":"https:\/\/vecinosdelinterior.com\/index.php\/wp-json\/wp\/v2\/posts"}],"about":[{"href":"https:\/\/vecinosdelinterior.com\/index.php\/wp-json\/wp\/v2\/types\/post"}],"author":[{"embeddable":true,"href":"https:\/\/vecinosdelinterior.com\/index.php\/wp-json\/wp\/v2\/users\/1"}],"replies":[{"embeddable":true,"href":"https:\/\/vecinosdelinterior.com\/index.php\/wp-json\/wp\/v2\/comments?post=5489"}],"version-history":[{"count":1,"href":"https:\/\/vecinosdelinterior.com\/index.php\/wp-json\/wp\/v2\/posts\/5489\/revisions"}],"predecessor-version":[{"id":5491,"href":"https:\/\/vecinosdelinterior.com\/index.php\/wp-json\/wp\/v2\/posts\/5489\/revisions\/5491"}],"wp:featuredmedia":[{"embeddable":true,"href":"https:\/\/vecinosdelinterior.com\/index.php\/wp-json\/wp\/v2\/media\/5490"}],"wp:attachment":[{"href":"https:\/\/vecinosdelinterior.com\/index.php\/wp-json\/wp\/v2\/media?parent=5489"}],"wp:term":[{"taxonomy":"category","embeddable":true,"href":"https:\/\/vecinosdelinterior.com\/index.php\/wp-json\/wp\/v2\/categories?post=5489"},{"taxonomy":"post_tag","embeddable":true,"href":"https:\/\/vecinosdelinterior.com\/index.php\/wp-json\/wp\/v2\/tags?post=5489"}],"curies":[{"name":"wp","href":"https:\/\/api.w.org\/{rel}","templated":true}]}}