{"id":5511,"date":"2025-09-28T06:51:00","date_gmt":"2025-09-28T09:51:00","guid":{"rendered":"https:\/\/vecinosdelinterior.com\/?p=5511"},"modified":"2025-09-29T07:57:22","modified_gmt":"2025-09-29T10:57:22","slug":"diez-intendentes-firmaron-para-construir-viviendas-del-plan-tenemos-futuro","status":"publish","type":"post","link":"https:\/\/vecinosdelinterior.com\/index.php\/2025\/09\/28\/diez-intendentes-firmaron-para-construir-viviendas-del-plan-tenemos-futuro\/","title":{"rendered":"Diez intendentes firmaron para construir viviendas del plan \u2018Tenemos Futuro\u2019"},"content":{"rendered":"\n<p>VECINOSDELINTERIOR.COM \/ 28 DE SETIEMBRE<br>El gobernador Claudio Poggi recibi\u00f3 en Casa de Gobierno a los intendentes de Juan Llerena, Talita, Fraga, Los Manantiales, La Vertiente, La Calera, Concar\u00e1n, Alto Pencoso, Zanjitas y Fortuna para rubricar los acuerdos para la edificaci\u00f3n de casas.<br><\/p>\n\n\n\n<figure class=\"wp-block-image size-large\"><img fetchpriority=\"high\" decoding=\"async\" width=\"1024\" height=\"683\" src=\"https:\/\/vecinosdelinterior.com\/wp-content\/uploads\/2025\/09\/555508469_662638363553520_1003101145067142419_n-1024x683.jpg\" alt=\"\" class=\"wp-image-5512\" srcset=\"https:\/\/vecinosdelinterior.com\/wp-content\/uploads\/2025\/09\/555508469_662638363553520_1003101145067142419_n-1024x683.jpg 1024w, https:\/\/vecinosdelinterior.com\/wp-content\/uploads\/2025\/09\/555508469_662638363553520_1003101145067142419_n-300x200.jpg 300w, https:\/\/vecinosdelinterior.com\/wp-content\/uploads\/2025\/09\/555508469_662638363553520_1003101145067142419_n-768x512.jpg 768w, https:\/\/vecinosdelinterior.com\/wp-content\/uploads\/2025\/09\/555508469_662638363553520_1003101145067142419_n-1536x1024.jpg 1536w, https:\/\/vecinosdelinterior.com\/wp-content\/uploads\/2025\/09\/555508469_662638363553520_1003101145067142419_n-750x500.jpg 750w, https:\/\/vecinosdelinterior.com\/wp-content\/uploads\/2025\/09\/555508469_662638363553520_1003101145067142419_n-1140x760.jpg 1140w, https:\/\/vecinosdelinterior.com\/wp-content\/uploads\/2025\/09\/555508469_662638363553520_1003101145067142419_n.jpg 2048w\" sizes=\"(max-width: 1024px) 100vw, 1024px\" \/><\/figure>\n\n\n\n<p><br>Tener un espacio donde construir un hogar, guardar recuerdos y compartir alegr\u00eda es para muchos un sue\u00f1o y una necesidad, que qued\u00f3 evidenciada en los datos que arrojaron la inscripci\u00f3n al plan habitacional \u2018Tenemos Futuro\u2019: el 35% de los sanluise\u00f1os no posee casa propia. Luego de que salieran a la luz esta informaci\u00f3n alarmante, la Provincia envi\u00f3 a la legislatura un proyecto ley (que posteriormente fue aprobado) en el que se estableci\u00f3 que el 50% de los recursos del Estado dirigidos a obras p\u00fablicas ser\u00e1n destinados exclusivamente a la construcci\u00f3n de viviendas sociales.<br>Frente a esto, el gobernador Claudio Poggi convoc\u00f3 a su despacho a intendentes para firmar los primeros convenios que establecen los detalles de las nuevas obras habitacionales. Al encuentro asistieron los intendentes de Juan Llerena, Iris Micaela Bustos; Talita, Karina Maidana; Fraga, Gast\u00f3n Argenio; Los Manantiales, Carolina Salinas; La Vertiente, Marcelo Alcaraz; La Calera, Diego Lorenzetti; Concar\u00e1n, Marcelo Gil Piccinini; Alto Pencoso, Alberto Olgu\u00edn; Zanjitas, Rosendo Videla; y Fortuna, Diego Lucero.<br>La construcci\u00f3n de viviendas ayuda a reactivar las econom\u00edas locales a partir de la generaci\u00f3n de empleos genuinos directos e indirectos. Es por ello que las municipalidades ser\u00e1n las encargadas de gestionar las obras. En este sentido, las actas disponen la construcci\u00f3n de 4 casas por parte de Juan Llerena, Talita, Los Manantiales, La Vertiente, Zanjitas y Fortunas, mientras que La Calera y Alto Pencoso edificar\u00e1n 6. Por su parte, Fraga har\u00e1 10 casas y Concar\u00e1n 20.<br>Cada vivienda tendr\u00e1 una superficie de 57 metros cuadrados, repartida en tres ambientes. Adem\u00e1s, contar\u00e1 con los aspectos indispensable para que las familias sanluise\u00f1as puedan desarrollar una vida digna y de calidad: los pisos y revestimientos ser\u00e1n de cer\u00e1mico y poseer\u00e1n instalaciones de electricidad, gas, desag\u00fces y cloacas.<\/p>\n","protected":false},"excerpt":{"rendered":"<p>VECINOSDELINTERIOR.COM \/ 28 DE SETIEMBREEl gobernador Claudio Poggi recibi\u00f3 en Casa de Gobierno a los intendentes de Juan Llerena, Talita, Fraga, Los Manantiales, La Vertiente, La Calera, Concar\u00e1n, Alto Pencoso, Zanjitas y Fortuna para rubricar los acuerdos para la edificaci\u00f3n de casas. Tener un espacio donde construir un hogar, guardar recuerdos y compartir alegr\u00eda es [&hellip;]<\/p>\n","protected":false},"author":1,"featured_media":5512,"comment_status":"open","ping_status":"open","sticky":false,"template":"","format":"standard","meta":{"footnotes":""},"categories":[80],"tags":[],"class_list":["post-5511","post","type-post","status-publish","format-standard","has-post-thumbnail","hentry","category-general"],"_links":{"self":[{"href":"https:\/\/vecinosdelinterior.com\/index.php\/wp-json\/wp\/v2\/posts\/5511","targetHints":{"allow":["GET"]}}],"collection":[{"href":"https:\/\/vecinosdelinterior.com\/index.php\/wp-json\/wp\/v2\/posts"}],"about":[{"href":"https:\/\/vecinosdelinterior.com\/index.php\/wp-json\/wp\/v2\/types\/post"}],"author":[{"embeddable":true,"href":"https:\/\/vecinosdelinterior.com\/index.php\/wp-json\/wp\/v2\/users\/1"}],"replies":[{"embeddable":true,"href":"https:\/\/vecinosdelinterior.com\/index.php\/wp-json\/wp\/v2\/comments?post=5511"}],"version-history":[{"count":1,"href":"https:\/\/vecinosdelinterior.com\/index.php\/wp-json\/wp\/v2\/posts\/5511\/revisions"}],"predecessor-version":[{"id":5513,"href":"https:\/\/vecinosdelinterior.com\/index.php\/wp-json\/wp\/v2\/posts\/5511\/revisions\/5513"}],"wp:featuredmedia":[{"embeddable":true,"href":"https:\/\/vecinosdelinterior.com\/index.php\/wp-json\/wp\/v2\/media\/5512"}],"wp:attachment":[{"href":"https:\/\/vecinosdelinterior.com\/index.php\/wp-json\/wp\/v2\/media?parent=5511"}],"wp:term":[{"taxonomy":"category","embeddable":true,"href":"https:\/\/vecinosdelinterior.com\/index.php\/wp-json\/wp\/v2\/categories?post=5511"},{"taxonomy":"post_tag","embeddable":true,"href":"https:\/\/vecinosdelinterior.com\/index.php\/wp-json\/wp\/v2\/tags?post=5511"}],"curies":[{"name":"wp","href":"https:\/\/api.w.org\/{rel}","templated":true}]}}