{"id":5514,"date":"2025-09-28T05:57:00","date_gmt":"2025-09-28T08:57:00","guid":{"rendered":"https:\/\/vecinosdelinterior.com\/?p=5514"},"modified":"2025-09-29T07:59:11","modified_gmt":"2025-09-29T10:59:11","slug":"las-chacras-naturaleza-aventura-y-tradicion-en-el-norte-de-san-luis","status":"publish","type":"post","link":"https:\/\/vecinosdelinterior.com\/index.php\/2025\/09\/28\/las-chacras-naturaleza-aventura-y-tradicion-en-el-norte-de-san-luis\/","title":{"rendered":"Las Chacras: naturaleza, aventura y tradici\u00f3n en el norte de San Luis"},"content":{"rendered":"\n<p>VECINOSDELINTERIOR.COM \/ 28 DE SETIEMBRE<br>Las Chacras es un lugar donde convergen historias de devoci\u00f3n, sacrificio, belleza natural y paz. Patrimonio, naturaleza y cultura. Se encuentra en medio de un paisaje serrano de belleza \u00fanica, rodeado de arroyos, con balnearios que lo convierten en un sitio de naturaleza pura, ideal tanto para quienes buscan calma como para los aficionados al turismo activo.<br>El Salto del Chispeadero es el paisaje que m\u00e1s se destaca.<br>El pueblo fue fundado el 24 de junio de 1856, inmerso en paisajes y atractivos naturales. Cursos de agua como el r\u00edo Grande, de la Majada, arroyo Lagunas Largas, balnearios naturales, senderos serranos, la Mesilla del Cura, el Salto del Chispeadero el que m\u00e1s se destaca.<br>Las actividades para el ecoturismo se destacan: trekking, cabalgatas, avistaje de aves, excursiones interpretativas, relax junto al agua, fotograf\u00eda. Este rinc\u00f3n serrano atrae por su entorno privilegiado: panor\u00e1micas imponentes que invitan a la contemplaci\u00f3n y al descanso en un ambiente puro y relajante.<br>Entre sus atractivos naturales se destaca la Mesilla del Cura, a unos 1.300 metros de altura, desde donde se obtienen vistas panor\u00e1micas \u00fanicas. En los alrededores se halla el famoso Salto del Chispiadero, una cascada de entre 40 y 70 metros de altura\u2014varios medios la describen con medidas levemente distintas\u2014considerada uno de los principales atractivos tur\u00edsticos del lugar.<br>Las Chacras celebra su festividad patronal en honor a San Roque, con misas, procesiones y actividades culturales.<\/p>\n\n\n\n<figure class=\"wp-block-gallery has-nested-images columns-default is-cropped wp-block-gallery-1 is-layout-flex wp-block-gallery-is-layout-flex\">\n<figure class=\"wp-block-image size-large\"><img fetchpriority=\"high\" decoding=\"async\" width=\"564\" height=\"1024\" data-id=\"5515\" src=\"https:\/\/vecinosdelinterior.com\/wp-content\/uploads\/2025\/09\/555456777_662637070220316_3021504776811381475_n-564x1024.jpg\" alt=\"\" class=\"wp-image-5515\" srcset=\"https:\/\/vecinosdelinterior.com\/wp-content\/uploads\/2025\/09\/555456777_662637070220316_3021504776811381475_n-564x1024.jpg 564w, https:\/\/vecinosdelinterior.com\/wp-content\/uploads\/2025\/09\/555456777_662637070220316_3021504776811381475_n-165x300.jpg 165w, https:\/\/vecinosdelinterior.com\/wp-content\/uploads\/2025\/09\/555456777_662637070220316_3021504776811381475_n.jpg 575w\" sizes=\"(max-width: 564px) 100vw, 564px\" \/><\/figure>\n\n\n\n<figure class=\"wp-block-image size-large\"><img decoding=\"async\" width=\"1024\" height=\"682\" data-id=\"5516\" src=\"https:\/\/vecinosdelinterior.com\/wp-content\/uploads\/2025\/09\/555536993_662637040220319_6170828639776641040_n-1024x682.jpg\" alt=\"\" class=\"wp-image-5516\" srcset=\"https:\/\/vecinosdelinterior.com\/wp-content\/uploads\/2025\/09\/555536993_662637040220319_6170828639776641040_n-1024x682.jpg 1024w, https:\/\/vecinosdelinterior.com\/wp-content\/uploads\/2025\/09\/555536993_662637040220319_6170828639776641040_n-300x200.jpg 300w, https:\/\/vecinosdelinterior.com\/wp-content\/uploads\/2025\/09\/555536993_662637040220319_6170828639776641040_n-768x512.jpg 768w, https:\/\/vecinosdelinterior.com\/wp-content\/uploads\/2025\/09\/555536993_662637040220319_6170828639776641040_n-1536x1023.jpg 1536w, https:\/\/vecinosdelinterior.com\/wp-content\/uploads\/2025\/09\/555536993_662637040220319_6170828639776641040_n-750x500.jpg 750w, https:\/\/vecinosdelinterior.com\/wp-content\/uploads\/2025\/09\/555536993_662637040220319_6170828639776641040_n-1140x760.jpg 1140w, https:\/\/vecinosdelinterior.com\/wp-content\/uploads\/2025\/09\/555536993_662637040220319_6170828639776641040_n.jpg 1600w\" sizes=\"(max-width: 1024px) 100vw, 1024px\" \/><\/figure>\n<\/figure>\n","protected":false},"excerpt":{"rendered":"<p>VECINOSDELINTERIOR.COM \/ 28 DE SETIEMBRELas Chacras es un lugar donde convergen historias de devoci\u00f3n, sacrificio, belleza natural y paz. Patrimonio, naturaleza y cultura. Se encuentra en medio de un paisaje serrano de belleza \u00fanica, rodeado de arroyos, con balnearios que lo convierten en un sitio de naturaleza pura, ideal tanto para quienes buscan calma como [&hellip;]<\/p>\n","protected":false},"author":1,"featured_media":5515,"comment_status":"open","ping_status":"open","sticky":false,"template":"","format":"standard","meta":{"footnotes":""},"categories":[1,185,67],"tags":[],"class_list":["post-5514","post","type-post","status-publish","format-standard","has-post-thumbnail","hentry","category-blog","category-las-chacras","category-san-martin"],"_links":{"self":[{"href":"https:\/\/vecinosdelinterior.com\/index.php\/wp-json\/wp\/v2\/posts\/5514","targetHints":{"allow":["GET"]}}],"collection":[{"href":"https:\/\/vecinosdelinterior.com\/index.php\/wp-json\/wp\/v2\/posts"}],"about":[{"href":"https:\/\/vecinosdelinterior.com\/index.php\/wp-json\/wp\/v2\/types\/post"}],"author":[{"embeddable":true,"href":"https:\/\/vecinosdelinterior.com\/index.php\/wp-json\/wp\/v2\/users\/1"}],"replies":[{"embeddable":true,"href":"https:\/\/vecinosdelinterior.com\/index.php\/wp-json\/wp\/v2\/comments?post=5514"}],"version-history":[{"count":1,"href":"https:\/\/vecinosdelinterior.com\/index.php\/wp-json\/wp\/v2\/posts\/5514\/revisions"}],"predecessor-version":[{"id":5517,"href":"https:\/\/vecinosdelinterior.com\/index.php\/wp-json\/wp\/v2\/posts\/5514\/revisions\/5517"}],"wp:featuredmedia":[{"embeddable":true,"href":"https:\/\/vecinosdelinterior.com\/index.php\/wp-json\/wp\/v2\/media\/5515"}],"wp:attachment":[{"href":"https:\/\/vecinosdelinterior.com\/index.php\/wp-json\/wp\/v2\/media?parent=5514"}],"wp:term":[{"taxonomy":"category","embeddable":true,"href":"https:\/\/vecinosdelinterior.com\/index.php\/wp-json\/wp\/v2\/categories?post=5514"},{"taxonomy":"post_tag","embeddable":true,"href":"https:\/\/vecinosdelinterior.com\/index.php\/wp-json\/wp\/v2\/tags?post=5514"}],"curies":[{"name":"wp","href":"https:\/\/api.w.org\/{rel}","templated":true}]}}