{"id":5518,"date":"2025-09-29T23:22:37","date_gmt":"2025-09-30T02:22:37","guid":{"rendered":"https:\/\/vecinosdelinterior.com\/?p=5518"},"modified":"2025-09-29T23:22:38","modified_gmt":"2025-09-30T02:22:38","slug":"el-festival-sustentable-eco-union-movilizo-a-toda-la-comunidad","status":"publish","type":"post","link":"https:\/\/vecinosdelinterior.com\/index.php\/2025\/09\/29\/el-festival-sustentable-eco-union-movilizo-a-toda-la-comunidad\/","title":{"rendered":"El festival sustentable \u2018Eco\u2019 Uni\u00f3n moviliz\u00f3 a toda la comunidad"},"content":{"rendered":"\n<p><\/p>\n\n\n\n<p>La localidad del sur de San Luis junto a sus vecinos y estudiantes disfrutaron de talleres, juegos, m\u00fasica y artistas en el encuentro sustentable que promueve el cuidado ambiental.<\/p>\n\n\n\n<p><br>\u2018Educar para un desarrollo con conciencia en la construcci\u00f3n de un San Luis + Sustentable\u2019, fue el lema de la VI edici\u00f3n del festival \u2018Eco\u2019 y tuvo como ejes principales la educaci\u00f3n, el arte y el comercio para reforzar un mensaje de responsabilidad com\u00fan: el cuidado ambiental.<\/p>\n\n\n\n<p>Adem\u00e1s, \u2018Eco\u2019 Uni\u00f3n, dej\u00f3 como propuesta nuevas modalidades productivas, m\u00e1s amigables con la fauna y flora como manejo de bosque nativo con ganader\u00eda integrada, agricultura regenerativa y uso responsables de agroqu\u00edmicos. El secretario de Ambiente y Desarrollo Sustentable, Federico Cacace; la directora de Coordinaci\u00f3n General, Eugenia P\u00e9rez; y el intendente anfitri\u00f3n Marcos Esp\u00f3sito, dieron las palabras de bienvenida.<\/p>\n\n\n\n<figure class=\"wp-block-gallery has-nested-images columns-default is-cropped wp-block-gallery-1 is-layout-flex wp-block-gallery-is-layout-flex\">\n<figure class=\"wp-block-image size-large\"><img fetchpriority=\"high\" decoding=\"async\" width=\"1024\" height=\"683\" data-id=\"5519\" src=\"https:\/\/vecinosdelinterior.com\/wp-content\/uploads\/2025\/09\/Imagen-de-WhatsApp-2025-09-26-a-las-21.08.53_3b57ee22-1024x683.jpg\" alt=\"\" class=\"wp-image-5519\" srcset=\"https:\/\/vecinosdelinterior.com\/wp-content\/uploads\/2025\/09\/Imagen-de-WhatsApp-2025-09-26-a-las-21.08.53_3b57ee22-1024x683.jpg 1024w, https:\/\/vecinosdelinterior.com\/wp-content\/uploads\/2025\/09\/Imagen-de-WhatsApp-2025-09-26-a-las-21.08.53_3b57ee22-300x200.jpg 300w, https:\/\/vecinosdelinterior.com\/wp-content\/uploads\/2025\/09\/Imagen-de-WhatsApp-2025-09-26-a-las-21.08.53_3b57ee22-768x512.jpg 768w, https:\/\/vecinosdelinterior.com\/wp-content\/uploads\/2025\/09\/Imagen-de-WhatsApp-2025-09-26-a-las-21.08.53_3b57ee22-750x500.jpg 750w, https:\/\/vecinosdelinterior.com\/wp-content\/uploads\/2025\/09\/Imagen-de-WhatsApp-2025-09-26-a-las-21.08.53_3b57ee22-1140x760.jpg 1140w, https:\/\/vecinosdelinterior.com\/wp-content\/uploads\/2025\/09\/Imagen-de-WhatsApp-2025-09-26-a-las-21.08.53_3b57ee22.jpg 1204w\" sizes=\"(max-width: 1024px) 100vw, 1024px\" \/><\/figure>\n\n\n\n<figure class=\"wp-block-image size-large\"><img decoding=\"async\" width=\"1024\" height=\"683\" data-id=\"5521\" src=\"https:\/\/vecinosdelinterior.com\/wp-content\/uploads\/2025\/09\/Imagen-de-WhatsApp-2025-09-26-a-las-21.08.50_42bb983d-1024x683.jpg\" alt=\"\" class=\"wp-image-5521\" srcset=\"https:\/\/vecinosdelinterior.com\/wp-content\/uploads\/2025\/09\/Imagen-de-WhatsApp-2025-09-26-a-las-21.08.50_42bb983d-1024x683.jpg 1024w, https:\/\/vecinosdelinterior.com\/wp-content\/uploads\/2025\/09\/Imagen-de-WhatsApp-2025-09-26-a-las-21.08.50_42bb983d-300x200.jpg 300w, https:\/\/vecinosdelinterior.com\/wp-content\/uploads\/2025\/09\/Imagen-de-WhatsApp-2025-09-26-a-las-21.08.50_42bb983d-768x512.jpg 768w, https:\/\/vecinosdelinterior.com\/wp-content\/uploads\/2025\/09\/Imagen-de-WhatsApp-2025-09-26-a-las-21.08.50_42bb983d-1536x1024.jpg 1536w, https:\/\/vecinosdelinterior.com\/wp-content\/uploads\/2025\/09\/Imagen-de-WhatsApp-2025-09-26-a-las-21.08.50_42bb983d-750x500.jpg 750w, https:\/\/vecinosdelinterior.com\/wp-content\/uploads\/2025\/09\/Imagen-de-WhatsApp-2025-09-26-a-las-21.08.50_42bb983d-1140x760.jpg 1140w, https:\/\/vecinosdelinterior.com\/wp-content\/uploads\/2025\/09\/Imagen-de-WhatsApp-2025-09-26-a-las-21.08.50_42bb983d.jpg 1600w\" sizes=\"(max-width: 1024px) 100vw, 1024px\" \/><\/figure>\n\n\n\n<figure class=\"wp-block-image size-large\"><img decoding=\"async\" width=\"1024\" height=\"683\" data-id=\"5520\" src=\"https:\/\/vecinosdelinterior.com\/wp-content\/uploads\/2025\/09\/Imagen-de-WhatsApp-2025-09-26-a-las-21.09.01_2c82fb9d-1024x683.jpg\" alt=\"\" class=\"wp-image-5520\" srcset=\"https:\/\/vecinosdelinterior.com\/wp-content\/uploads\/2025\/09\/Imagen-de-WhatsApp-2025-09-26-a-las-21.09.01_2c82fb9d-1024x683.jpg 1024w, https:\/\/vecinosdelinterior.com\/wp-content\/uploads\/2025\/09\/Imagen-de-WhatsApp-2025-09-26-a-las-21.09.01_2c82fb9d-300x200.jpg 300w, https:\/\/vecinosdelinterior.com\/wp-content\/uploads\/2025\/09\/Imagen-de-WhatsApp-2025-09-26-a-las-21.09.01_2c82fb9d-768x512.jpg 768w, https:\/\/vecinosdelinterior.com\/wp-content\/uploads\/2025\/09\/Imagen-de-WhatsApp-2025-09-26-a-las-21.09.01_2c82fb9d-1536x1024.jpg 1536w, https:\/\/vecinosdelinterior.com\/wp-content\/uploads\/2025\/09\/Imagen-de-WhatsApp-2025-09-26-a-las-21.09.01_2c82fb9d-750x500.jpg 750w, https:\/\/vecinosdelinterior.com\/wp-content\/uploads\/2025\/09\/Imagen-de-WhatsApp-2025-09-26-a-las-21.09.01_2c82fb9d-1140x760.jpg 1140w, https:\/\/vecinosdelinterior.com\/wp-content\/uploads\/2025\/09\/Imagen-de-WhatsApp-2025-09-26-a-las-21.09.01_2c82fb9d.jpg 1600w\" sizes=\"(max-width: 1024px) 100vw, 1024px\" \/><\/figure>\n<\/figure>\n\n\n\n<p>En torno a los talleres educativos, la actividad comenz\u00f3 con el curso para la habilitaci\u00f3n de matr\u00edcula de agroqu\u00edmicos, que tuvo a varios exponentes: Juan Pablo Daruich, coordinador regional de C\u00e1mara de Sanidad Agropecuaria y Fertilizantes (Casafe); Gabriela Mielgo, coordinadora de Inocuidad y Calidad Agroalimentaria Regional (La Pampa-San Luis) perteneciente al Servicio Nacional de Sanidad y Calidad Agroalimentaria (Senasa); Carlos Magallanes de AER-Uni\u00f3n del INTA Regional San Luis y el coordinador regional zona centro de \u2018CampoLimpio\u2019, Ricardo Weiss.<\/p>\n\n\n\n<p>Posteriormente tuvo lugar el segundo panel, denominado: \u2018Territorios que Inspiran: Ganader\u00eda y Bosque en Equilibrio\u2019, a cargo del presidente del Centro Ganaderos de Uni\u00f3n, Santiago Ballester; junto a Sebasti\u00e1n Mora de Estaci\u00f3n Experimental Agropecuaria Rama Ca\u00edda e integrante de INTA Mendoza; Sergio Quiroga Celiz, propietario del Establecimiento \u2018El Corralito\u2019 en Baldecito de la Pampa; Isidoro Guillermo Cozzar\u00edn, docente de la Facultad de Ingenier\u00eda y Ciencias Agropecuarias de la Universidad Nacional de San Luis.<\/p>\n\n\n\n<p>Durante el transcurso del d\u00eda fue realiz\u00e1ndose en las inmediaciones la feria de productores y emprendedores a cargo de la municipalidad de Uni\u00f3n, con m\u00fasica, stands y juegos. Los alumnos de las instituciones escolares tuvieron protagonismo. Hubo un panel de presentaci\u00f3n de proyectos educativos. El Colegio N\u00b022 \u2018Jos\u00e9 Manuel Estrada\u2019 present\u00f3 un biodigestor, proyecto ganador del Concurso IDEA (Inicio al Desarrollo Econ\u00f3mico Adolescente) denominado \u2018El Rural\u2019 de los Alumnos de 6\u00b0 a\u00f1o promoci\u00f3n \u2018Lixens\u2019.<\/p>\n\n\n\n<p>Los alumnos de 5\u00b0 y 6\u00b0 de la Escuela de nivel Primario N\u00b0243 \u2018R\u00edo Negro\u2019, mostraron su proyecto de reciclado, bajo el lema \u2018Lo que aprendemos, se vuelve parte de nuestra identidad\u2019. La Escuela Hogar N\u00b016 \u2018Granaderos Puntanos\u2019 de Mart\u00edn de Loyola present\u00f3 un proyecto de hidropon\u00eda (con la Hidropon\u00eda se cultiva salud, innovaci\u00f3n y futuro) y lombricultura (ense\u00f1a a transformar los desechos org\u00e1nicos en vida y fertilidad para la tierra). Finalmente, la Asociaci\u00f3n Sure\u00f1a de Ayuda al Discapacitado (Asadis), difundi\u00f3 su proyecto de reciclado. Cerr\u00f3 el bloque educativo el taller \u2018Mateando Conciencia\u2019, bajo el lema: \u2018Un mate, una idea, un futuro m\u00e1s verde\u2019, a cargo de la Escuela Ambiental Itinerante.<\/p>\n\n\n\n<p>Desde las 12:30 a 13:30, hubo una mesa de di\u00e1logo denominada \u2018M\u00e1s all\u00e1 de la Miel\u2019. El dulce impacto para el ambiente con productores ap\u00edcolas locales. Una vez concluidas las actividades formativas, el cierre del evento, organizado por la secretar\u00eda de Cultura de la municipalidad de Uni\u00f3n tuvo como protagonistas al Ballet \u2018Ecos de Mi Tierra\u2019, la Academia Folcl\u00f3rica \u2018Huellas del Sur\u2019 y el Taller de Danzas \u2018Esencia de mi Pueblo\u2019.<\/p>\n","protected":false},"excerpt":{"rendered":"<p>La localidad del sur de San Luis junto a sus vecinos y estudiantes disfrutaron de talleres, juegos, m\u00fasica y artistas en el encuentro sustentable que promueve el cuidado ambiental. \u2018Educar para un desarrollo con conciencia en la construcci\u00f3n de un San Luis + Sustentable\u2019, fue el lema de la VI edici\u00f3n del festival \u2018Eco\u2019 y [&hellip;]<\/p>\n","protected":false},"author":1,"featured_media":5520,"comment_status":"open","ping_status":"open","sticky":false,"template":"","format":"standard","meta":{"footnotes":""},"categories":[16,376],"tags":[176],"class_list":["post-5518","post","type-post","status-publish","format-standard","has-post-thumbnail","hentry","category-dupuy","category-union","tag-medioambiente"],"_links":{"self":[{"href":"https:\/\/vecinosdelinterior.com\/index.php\/wp-json\/wp\/v2\/posts\/5518","targetHints":{"allow":["GET"]}}],"collection":[{"href":"https:\/\/vecinosdelinterior.com\/index.php\/wp-json\/wp\/v2\/posts"}],"about":[{"href":"https:\/\/vecinosdelinterior.com\/index.php\/wp-json\/wp\/v2\/types\/post"}],"author":[{"embeddable":true,"href":"https:\/\/vecinosdelinterior.com\/index.php\/wp-json\/wp\/v2\/users\/1"}],"replies":[{"embeddable":true,"href":"https:\/\/vecinosdelinterior.com\/index.php\/wp-json\/wp\/v2\/comments?post=5518"}],"version-history":[{"count":1,"href":"https:\/\/vecinosdelinterior.com\/index.php\/wp-json\/wp\/v2\/posts\/5518\/revisions"}],"predecessor-version":[{"id":5522,"href":"https:\/\/vecinosdelinterior.com\/index.php\/wp-json\/wp\/v2\/posts\/5518\/revisions\/5522"}],"wp:featuredmedia":[{"embeddable":true,"href":"https:\/\/vecinosdelinterior.com\/index.php\/wp-json\/wp\/v2\/media\/5520"}],"wp:attachment":[{"href":"https:\/\/vecinosdelinterior.com\/index.php\/wp-json\/wp\/v2\/media?parent=5518"}],"wp:term":[{"taxonomy":"category","embeddable":true,"href":"https:\/\/vecinosdelinterior.com\/index.php\/wp-json\/wp\/v2\/categories?post=5518"},{"taxonomy":"post_tag","embeddable":true,"href":"https:\/\/vecinosdelinterior.com\/index.php\/wp-json\/wp\/v2\/tags?post=5518"}],"curies":[{"name":"wp","href":"https:\/\/api.w.org\/{rel}","templated":true}]}}