{"id":5544,"date":"2025-10-02T14:16:00","date_gmt":"2025-10-02T17:16:00","guid":{"rendered":"https:\/\/vecinosdelinterior.com\/?p=5544"},"modified":"2025-10-02T20:17:32","modified_gmt":"2025-10-02T23:17:32","slug":"tilisarao-mas-de-ocho-meses-despues-convocan-a-marchar-para-exigir-justicia-por-la-muerte-de-yanina-adaro","status":"publish","type":"post","link":"https:\/\/vecinosdelinterior.com\/index.php\/2025\/10\/02\/tilisarao-mas-de-ocho-meses-despues-convocan-a-marchar-para-exigir-justicia-por-la-muerte-de-yanina-adaro\/","title":{"rendered":"Tilisarao: m\u00e1s de ocho meses despu\u00e9s, convocan a marchar para exigir justicia por la muerte de Yanina Adaro"},"content":{"rendered":"\n<p>VECINOSDELINTERIOR.COM \/ 02 DE OCTUBRE<br>Familiares, vecinos y amigos de Yanina Soledad Adaro, de 23 a\u00f1os, organizaron una movilizaci\u00f3n para exigir justicia por su muerte, que ocurri\u00f3 hace m\u00e1s de ocho meses en un accidente en la autopista N\u00b055, a la altura de Tilisarao.<br>El siniestro ocurri\u00f3 el domingo 12 de enero de este a\u00f1o. Seg\u00fan la investigaci\u00f3n, un conductor alcoholizado provoc\u00f3 un choque que involucr\u00f3 a tres veh\u00edculos que circulaban en el mismo sentido, de norte a sur.<br>Maximiliano Andr\u00e9s Rodr\u00edguez, de 24 a\u00f1os, al volante de un Volkswagen Polo, intent\u00f3 un sobrepaso y colision\u00f3 con una motocicleta conducida por Gabriel Simonetti, donde viajaba como acompa\u00f1ante Yanina Adaro, y tambi\u00e9n impact\u00f3 un Volkswagen Gol.<br>\u201cEl impacto produjo la muerte de Yanina y lesiones graves en los dem\u00e1s ocupantes\u201d, explicaron familiares a Radio G.<br>El test de alcoholemia indic\u00f3 que Rodr\u00edguez ten\u00eda 1,13 g\/l de alcohol en sangre. A pesar de ello, el juez de Garant\u00eda Nicol\u00e1s Coppola decidi\u00f3 mantenerlo en libertad durante la primera audiencia en marzo y rechaz\u00f3 la solicitud de la fiscal\u00eda para que el imputado no pudiera conducir veh\u00edculos.<br>La causa judicial<br>M\u00e1s de ocho meses despu\u00e9s del accidente, la causa judicial no registra avances significativos. La fiscal\u00eda anticipa que pedir\u00e1 la m\u00ednima sentencia para Rodr\u00edguez, mientras este contin\u00faa en libertad y con la posibilidad de conducir.<br>\u201cA pesar de los pedidos de la fiscal\u00eda, el juez permiti\u00f3 que el imputado siga manejando. La familia teme que el caso quede impune\u201d, se\u00f1alaron allegados de la v\u00edctima.<br>Convocatoria a la marcha<br>Ante esta situaci\u00f3n, familiares y amigos de Yanina Adaro convocan a una marcha para reclamar justicia este s\u00e1bado 4 de octubre a las 19.00. La concentraci\u00f3n ser\u00e1 en la esquina de calles 25 de Mayo y Renca e ir\u00e1n hasta la plaza San mart\u00edn.<br>\u201cQueremos visibilizar nuestro reclamo y que la causa avance. No queremos que este caso quede impune\u201d, expresaron los familiares<\/p>\n","protected":false},"excerpt":{"rendered":"<p>VECINOSDELINTERIOR.COM \/ 02 DE OCTUBREFamiliares, vecinos y amigos de Yanina Soledad Adaro, de 23 a\u00f1os, organizaron una movilizaci\u00f3n para exigir justicia por su muerte, que ocurri\u00f3 hace m\u00e1s de ocho meses en un accidente en la autopista N\u00b055, a la altura de Tilisarao.El siniestro ocurri\u00f3 el domingo 12 de enero de este a\u00f1o. Seg\u00fan la [&hellip;]<\/p>\n","protected":false},"author":1,"featured_media":5545,"comment_status":"open","ping_status":"open","sticky":false,"template":"","format":"standard","meta":{"footnotes":""},"categories":[29,30],"tags":[213],"class_list":["post-5544","post","type-post","status-publish","format-standard","has-post-thumbnail","hentry","category-chacabuco","category-tilisarao","tag-policial"],"_links":{"self":[{"href":"https:\/\/vecinosdelinterior.com\/index.php\/wp-json\/wp\/v2\/posts\/5544","targetHints":{"allow":["GET"]}}],"collection":[{"href":"https:\/\/vecinosdelinterior.com\/index.php\/wp-json\/wp\/v2\/posts"}],"about":[{"href":"https:\/\/vecinosdelinterior.com\/index.php\/wp-json\/wp\/v2\/types\/post"}],"author":[{"embeddable":true,"href":"https:\/\/vecinosdelinterior.com\/index.php\/wp-json\/wp\/v2\/users\/1"}],"replies":[{"embeddable":true,"href":"https:\/\/vecinosdelinterior.com\/index.php\/wp-json\/wp\/v2\/comments?post=5544"}],"version-history":[{"count":1,"href":"https:\/\/vecinosdelinterior.com\/index.php\/wp-json\/wp\/v2\/posts\/5544\/revisions"}],"predecessor-version":[{"id":5546,"href":"https:\/\/vecinosdelinterior.com\/index.php\/wp-json\/wp\/v2\/posts\/5544\/revisions\/5546"}],"wp:featuredmedia":[{"embeddable":true,"href":"https:\/\/vecinosdelinterior.com\/index.php\/wp-json\/wp\/v2\/media\/5545"}],"wp:attachment":[{"href":"https:\/\/vecinosdelinterior.com\/index.php\/wp-json\/wp\/v2\/media?parent=5544"}],"wp:term":[{"taxonomy":"category","embeddable":true,"href":"https:\/\/vecinosdelinterior.com\/index.php\/wp-json\/wp\/v2\/categories?post=5544"},{"taxonomy":"post_tag","embeddable":true,"href":"https:\/\/vecinosdelinterior.com\/index.php\/wp-json\/wp\/v2\/tags?post=5544"}],"curies":[{"name":"wp","href":"https:\/\/api.w.org\/{rel}","templated":true}]}}