{"id":5568,"date":"2025-10-08T08:41:00","date_gmt":"2025-10-08T11:41:00","guid":{"rendered":"https:\/\/vecinosdelinterior.com\/?p=5568"},"modified":"2025-10-08T20:42:40","modified_gmt":"2025-10-08T23:42:40","slug":"comenzo-el-descacharrado-en-desaguadero-y-balde","status":"publish","type":"post","link":"https:\/\/vecinosdelinterior.com\/index.php\/2025\/10\/08\/comenzo-el-descacharrado-en-desaguadero-y-balde\/","title":{"rendered":"Comenz\u00f3 el descacharrado en Desaguadero y Balde"},"content":{"rendered":"\n<p>Con m\u00e1s de media tonelada recolectadas en ambas localidades del departamento Pueyrred\u00f3n, inici\u00f3 el trabajo para reducir los posibles focos de reproducci\u00f3n del mosquito Aedes Aegypti.<br>Operadores de la planta de recuperaci\u00f3n La Metropolitana (ubicada en Donovan) trabajaron y recolectaron 660 kilos de cacharros en ambas localidades: 400 en Balde y 260 en Desaguadero, seg\u00fan inform\u00f3 el jefe de planta, Diego Galeano.<\/p>\n\n\n\n<figure class=\"wp-block-gallery has-nested-images columns-default is-cropped wp-block-gallery-1 is-layout-flex wp-block-gallery-is-layout-flex\">\n<figure class=\"wp-block-image size-large\"><img fetchpriority=\"high\" decoding=\"async\" width=\"1024\" height=\"683\" data-id=\"5569\" src=\"https:\/\/vecinosdelinterior.com\/wp-content\/uploads\/2025\/10\/558071335_670538406096849_9097723416046971700_n-1024x683.jpg\" alt=\"\" class=\"wp-image-5569\" srcset=\"https:\/\/vecinosdelinterior.com\/wp-content\/uploads\/2025\/10\/558071335_670538406096849_9097723416046971700_n-1024x683.jpg 1024w, https:\/\/vecinosdelinterior.com\/wp-content\/uploads\/2025\/10\/558071335_670538406096849_9097723416046971700_n-300x200.jpg 300w, https:\/\/vecinosdelinterior.com\/wp-content\/uploads\/2025\/10\/558071335_670538406096849_9097723416046971700_n-768x512.jpg 768w, https:\/\/vecinosdelinterior.com\/wp-content\/uploads\/2025\/10\/558071335_670538406096849_9097723416046971700_n-750x500.jpg 750w, https:\/\/vecinosdelinterior.com\/wp-content\/uploads\/2025\/10\/558071335_670538406096849_9097723416046971700_n.jpg 1080w\" sizes=\"(max-width: 1024px) 100vw, 1024px\" \/><\/figure>\n\n\n\n<figure class=\"wp-block-image size-large\"><img decoding=\"async\" width=\"1024\" height=\"683\" data-id=\"5570\" src=\"https:\/\/vecinosdelinterior.com\/wp-content\/uploads\/2025\/10\/558134403_670538359430187_715520867026092662_n-1024x683.jpg\" alt=\"\" class=\"wp-image-5570\" srcset=\"https:\/\/vecinosdelinterior.com\/wp-content\/uploads\/2025\/10\/558134403_670538359430187_715520867026092662_n-1024x683.jpg 1024w, https:\/\/vecinosdelinterior.com\/wp-content\/uploads\/2025\/10\/558134403_670538359430187_715520867026092662_n-300x200.jpg 300w, https:\/\/vecinosdelinterior.com\/wp-content\/uploads\/2025\/10\/558134403_670538359430187_715520867026092662_n-768x512.jpg 768w, https:\/\/vecinosdelinterior.com\/wp-content\/uploads\/2025\/10\/558134403_670538359430187_715520867026092662_n-750x500.jpg 750w, https:\/\/vecinosdelinterior.com\/wp-content\/uploads\/2025\/10\/558134403_670538359430187_715520867026092662_n.jpg 1080w\" sizes=\"(max-width: 1024px) 100vw, 1024px\" \/><\/figure>\n<\/figure>\n\n\n\n<p><br>Durante los meses de octubre y noviembre, la secretar\u00eda de Ambiente y Desarrollo Sustentable, en coordinaci\u00f3n con municipios y parajes, impulsar\u00e1 una enorme campa\u00f1a de descacharrado. En 2024, la Provincia retir\u00f3 200 toneladas de objetos sin uso en una articulaci\u00f3n hist\u00f3rica con 65 municipios y m\u00e1s de 20 parajes.<br>\u201cCon gran satisfacci\u00f3n podemos decir que fue una de las iniciativas de mayor alcance y colaboraci\u00f3n entre niveles de gobierno en nuestro pa\u00eds. La articulaci\u00f3n con las intendencias permiti\u00f3 movilizar recursos humanos y log\u00edsticos optimizando la gesti\u00f3n de residuos, la econom\u00eda circular y fomentando la participaci\u00f3n activa de la ciudadan\u00eda\u201d, se\u00f1al\u00f3 el director de Gesti\u00f3n Ambiental de Residuos, An\u00edbal Catt\u00e1neo.<br>La campa\u00f1a tiene como principal objetivo prevenir enfermedades como el dengue mediante la eliminaci\u00f3n de criaderos del mosquito Aedes aegypti, para una significativa mejora en la salubridad y calidad de vida de las comunidades locales.<\/p>\n","protected":false},"excerpt":{"rendered":"<p>Con m\u00e1s de media tonelada recolectadas en ambas localidades del departamento Pueyrred\u00f3n, inici\u00f3 el trabajo para reducir los posibles focos de reproducci\u00f3n del mosquito Aedes Aegypti.Operadores de la planta de recuperaci\u00f3n La Metropolitana (ubicada en Donovan) trabajaron y recolectaron 660 kilos de cacharros en ambas localidades: 400 en Balde y 260 en Desaguadero, seg\u00fan inform\u00f3 [&hellip;]<\/p>\n","protected":false},"author":1,"featured_media":5570,"comment_status":"open","ping_status":"open","sticky":false,"template":"","format":"standard","meta":{"footnotes":""},"categories":[382,43,12],"tags":[176],"class_list":["post-5568","post","type-post","status-publish","format-standard","has-post-thumbnail","hentry","category-balde","category-desaguadero","category-pueyrredon","tag-medioambiente"],"_links":{"self":[{"href":"https:\/\/vecinosdelinterior.com\/index.php\/wp-json\/wp\/v2\/posts\/5568","targetHints":{"allow":["GET"]}}],"collection":[{"href":"https:\/\/vecinosdelinterior.com\/index.php\/wp-json\/wp\/v2\/posts"}],"about":[{"href":"https:\/\/vecinosdelinterior.com\/index.php\/wp-json\/wp\/v2\/types\/post"}],"author":[{"embeddable":true,"href":"https:\/\/vecinosdelinterior.com\/index.php\/wp-json\/wp\/v2\/users\/1"}],"replies":[{"embeddable":true,"href":"https:\/\/vecinosdelinterior.com\/index.php\/wp-json\/wp\/v2\/comments?post=5568"}],"version-history":[{"count":1,"href":"https:\/\/vecinosdelinterior.com\/index.php\/wp-json\/wp\/v2\/posts\/5568\/revisions"}],"predecessor-version":[{"id":5571,"href":"https:\/\/vecinosdelinterior.com\/index.php\/wp-json\/wp\/v2\/posts\/5568\/revisions\/5571"}],"wp:featuredmedia":[{"embeddable":true,"href":"https:\/\/vecinosdelinterior.com\/index.php\/wp-json\/wp\/v2\/media\/5570"}],"wp:attachment":[{"href":"https:\/\/vecinosdelinterior.com\/index.php\/wp-json\/wp\/v2\/media?parent=5568"}],"wp:term":[{"taxonomy":"category","embeddable":true,"href":"https:\/\/vecinosdelinterior.com\/index.php\/wp-json\/wp\/v2\/categories?post=5568"},{"taxonomy":"post_tag","embeddable":true,"href":"https:\/\/vecinosdelinterior.com\/index.php\/wp-json\/wp\/v2\/tags?post=5568"}],"curies":[{"name":"wp","href":"https:\/\/api.w.org\/{rel}","templated":true}]}}