{"id":5594,"date":"2025-10-12T09:34:00","date_gmt":"2025-10-12T12:34:00","guid":{"rendered":"https:\/\/vecinosdelinterior.com\/?p=5594"},"modified":"2025-10-14T09:36:00","modified_gmt":"2025-10-14T12:36:00","slug":"san-francisco-un-hombre-resulto-herido-tras-el-choque-entre-una-motocicleta-y-un-automovil","status":"publish","type":"post","link":"https:\/\/vecinosdelinterior.com\/index.php\/2025\/10\/12\/san-francisco-un-hombre-resulto-herido-tras-el-choque-entre-una-motocicleta-y-un-automovil\/","title":{"rendered":"San Francisco: un hombre result\u00f3 herido tras el choque entre una motocicleta y un autom\u00f3vil"},"content":{"rendered":"\n<p>Vecinos del Interior Puntano \/ 12 de octubre<br>Desde la Comisar\u00eda Distrito N\u00b014 informaron que este s\u00e1bado 11 por la noche, alrededor de las 23:00, se produjo un accidente de tr\u00e1nsito en calle Coronel Pringles, en la localidad de San Francisco del Monte de Oro.<br>En el lugar, por razones que a\u00fan se investigan, colisionaron de frente una motocicleta Zanella 150 cc, conducida por un hombre de 32 a\u00f1os, y un autom\u00f3vil Renault 18, al mando de un hombre de 37 a\u00f1os.<br>De acuerdo a las primeras averiguaciones, la motocicleta circulaba en sentido sur-norte, mientras que el autom\u00f3vil lo hac\u00eda en direcci\u00f3n contraria, de norte a sur.<br>El motociclista, de 32 a\u00f1os, fue asistido en el lugar por personal m\u00e9dico y trasladado en ambulancia al Hospital Central \u201cDr. Ram\u00f3n Carrillo\u201d de la ciudad de San Luis. En tanto, al conductor del autom\u00f3vil se le practic\u00f3 el test de alcoholemia, que arroj\u00f3 resultado negativo (0,00 g\/l de alcohol en sangre).<br>En el operativo tambi\u00e9n prestaron colaboraci\u00f3n efectivos de la Direcci\u00f3n General de Polic\u00eda Caminera y Seguridad Vial, junto con personal de la Divisi\u00f3n Criminal\u00edstica de la U.R.O.P. N\u00b05, quienes realizaron las pericias correspondientes.<\/p>\n","protected":false},"excerpt":{"rendered":"<p>Vecinos del Interior Puntano \/ 12 de octubreDesde la Comisar\u00eda Distrito N\u00b014 informaron que este s\u00e1bado 11 por la noche, alrededor de las 23:00, se produjo un accidente de tr\u00e1nsito en calle Coronel Pringles, en la localidad de San Francisco del Monte de Oro.En el lugar, por razones que a\u00fan se investigan, colisionaron de frente [&hellip;]<\/p>\n","protected":false},"author":1,"featured_media":5595,"comment_status":"open","ping_status":"open","sticky":false,"template":"","format":"standard","meta":{"footnotes":""},"categories":[8,9],"tags":[],"class_list":["post-5594","post","type-post","status-publish","format-standard","has-post-thumbnail","hentry","category-ayacucho","category-san-francisco"],"_links":{"self":[{"href":"https:\/\/vecinosdelinterior.com\/index.php\/wp-json\/wp\/v2\/posts\/5594","targetHints":{"allow":["GET"]}}],"collection":[{"href":"https:\/\/vecinosdelinterior.com\/index.php\/wp-json\/wp\/v2\/posts"}],"about":[{"href":"https:\/\/vecinosdelinterior.com\/index.php\/wp-json\/wp\/v2\/types\/post"}],"author":[{"embeddable":true,"href":"https:\/\/vecinosdelinterior.com\/index.php\/wp-json\/wp\/v2\/users\/1"}],"replies":[{"embeddable":true,"href":"https:\/\/vecinosdelinterior.com\/index.php\/wp-json\/wp\/v2\/comments?post=5594"}],"version-history":[{"count":1,"href":"https:\/\/vecinosdelinterior.com\/index.php\/wp-json\/wp\/v2\/posts\/5594\/revisions"}],"predecessor-version":[{"id":5596,"href":"https:\/\/vecinosdelinterior.com\/index.php\/wp-json\/wp\/v2\/posts\/5594\/revisions\/5596"}],"wp:featuredmedia":[{"embeddable":true,"href":"https:\/\/vecinosdelinterior.com\/index.php\/wp-json\/wp\/v2\/media\/5595"}],"wp:attachment":[{"href":"https:\/\/vecinosdelinterior.com\/index.php\/wp-json\/wp\/v2\/media?parent=5594"}],"wp:term":[{"taxonomy":"category","embeddable":true,"href":"https:\/\/vecinosdelinterior.com\/index.php\/wp-json\/wp\/v2\/categories?post=5594"},{"taxonomy":"post_tag","embeddable":true,"href":"https:\/\/vecinosdelinterior.com\/index.php\/wp-json\/wp\/v2\/tags?post=5594"}],"curies":[{"name":"wp","href":"https:\/\/api.w.org\/{rel}","templated":true}]}}