{"id":5600,"date":"2025-10-14T09:39:08","date_gmt":"2025-10-14T12:39:08","guid":{"rendered":"https:\/\/vecinosdelinterior.com\/?p=5600"},"modified":"2025-10-14T09:39:09","modified_gmt":"2025-10-14T12:39:09","slug":"inauguraron-un-parque-solar-fotovoltaico-en-quines-fuente-de-empleo-y-produccion-para-la-provincia","status":"publish","type":"post","link":"https:\/\/vecinosdelinterior.com\/index.php\/2025\/10\/14\/inauguraron-un-parque-solar-fotovoltaico-en-quines-fuente-de-empleo-y-produccion-para-la-provincia\/","title":{"rendered":"Inauguraron un parque solar fotovoltaico en Quines, fuente de empleo y producci\u00f3n para la provincia"},"content":{"rendered":"\n<p><\/p>\n\n\n\n<p>El proyecto, que est\u00e1 a cargo de la firma Capex, demand\u00f3 una inversi\u00f3n de 19 millones de d\u00f3lares y servir\u00e1 como suministro para compa\u00f1\u00edas a trav\u00e9s del sistema nacional. El gobernador Claudio Poggi acompa\u00f1\u00f3 a representantes de la empresa en el estreno del parque, un verdadero n\u00facleo de energ\u00edas limpias para la provincia.<\/p>\n\n\n\n<p><br>Desde este lunes qued\u00f3 oficialmente inaugurado el parque solar fotovoltaico \u2018La Salvaci\u00f3n\u2019, una planta extensa de 40 hect\u00e1reas y m\u00e1s de 40 mil paneles que est\u00e1 ubicado a alrededor de 10 kil\u00f3metros de Quines. El gobernador Claudio Poggi acompa\u00f1\u00f3 en el estreno de la obra a referentes de la firma Capex, la empresa integrada de energ\u00eda que entrega el suministro limpio a las redes de Edesal para su posterior distribuci\u00f3n a sus clientes.<\/p>\n\n\n\n<figure class=\"wp-block-gallery has-nested-images columns-default is-cropped wp-block-gallery-1 is-layout-flex wp-block-gallery-is-layout-flex\">\n<figure class=\"wp-block-image size-large\"><img fetchpriority=\"high\" decoding=\"async\" width=\"768\" height=\"512\" data-id=\"5601\" src=\"https:\/\/vecinosdelinterior.com\/wp-content\/uploads\/2025\/10\/WhatsApp-Image-2025-10-13-at-17.33.32-768x512-1.jpeg\" alt=\"\" class=\"wp-image-5601\" srcset=\"https:\/\/vecinosdelinterior.com\/wp-content\/uploads\/2025\/10\/WhatsApp-Image-2025-10-13-at-17.33.32-768x512-1.jpeg 768w, https:\/\/vecinosdelinterior.com\/wp-content\/uploads\/2025\/10\/WhatsApp-Image-2025-10-13-at-17.33.32-768x512-1-300x200.jpeg 300w, https:\/\/vecinosdelinterior.com\/wp-content\/uploads\/2025\/10\/WhatsApp-Image-2025-10-13-at-17.33.32-768x512-1-750x500.jpeg 750w\" sizes=\"(max-width: 768px) 100vw, 768px\" \/><\/figure>\n\n\n\n<figure class=\"wp-block-image size-large\"><img decoding=\"async\" width=\"768\" height=\"512\" data-id=\"5602\" src=\"https:\/\/vecinosdelinterior.com\/wp-content\/uploads\/2025\/10\/WhatsApp-Image-2025-10-13-at-17.33.20-2-768x512-1.jpeg\" alt=\"\" class=\"wp-image-5602\" srcset=\"https:\/\/vecinosdelinterior.com\/wp-content\/uploads\/2025\/10\/WhatsApp-Image-2025-10-13-at-17.33.20-2-768x512-1.jpeg 768w, https:\/\/vecinosdelinterior.com\/wp-content\/uploads\/2025\/10\/WhatsApp-Image-2025-10-13-at-17.33.20-2-768x512-1-300x200.jpeg 300w, https:\/\/vecinosdelinterior.com\/wp-content\/uploads\/2025\/10\/WhatsApp-Image-2025-10-13-at-17.33.20-2-768x512-1-750x500.jpeg 750w\" sizes=\"(max-width: 768px) 100vw, 768px\" \/><\/figure>\n<\/figure>\n\n\n\n<p><\/p>\n\n\n\n<p>El Gobernador estuvo acompa\u00f1ado por el ministro de Desarrollo Productivo, Federico Trombotto; el secretario de Ambiente y Desarrollo Sustentable, Federico Cacace y la intendenta de Quines, Antonella Mac\u00edas, adem\u00e1s de otros funcionarios gubernamentales. Capex estuvo representada por una comitiva liderada por el gerente general de la firma, Adolfo Storni, quien dio una breve explicaci\u00f3n acerca del proyecto y sus implicancias para la provincia.<\/p>\n\n\n\n<p>\u201cEn el parque tenemos una capacidad de 20 megawatts, lo que equivale al suministro de 17.800 hogares aproximadamente. Durante la construcci\u00f3n sirvi\u00f3 como fuente de empleo para alrededor de 200 personas y ahora tenemos un mando de operaciones que brinda 10 puestos fijos\u201d, explic\u00f3 Storni, quien cont\u00f3 que Capex tiene activos funcionando en distintas provincias y que la decisi\u00f3n de desembarcar en San Luis fue porque \u201cnos gusta trabajar en provincias que son amistosas con las inversiones\u201d.<\/p>\n\n\n\n<p>Adem\u00e1s, el Gerente remarc\u00f3 que en el rubro de energ\u00edas limpias hay un d\u00e9ficit marcado en la capacidad de transportar la producci\u00f3n. \u201cEn San Luis encontramos un corredor que nos pod\u00eda ayudar a evacuar esa energ\u00eda que generamos. Encontramos una oportunidad de negocio que pudimos capitalizar\u201d, se\u00f1al\u00f3 Storni.<\/p>\n\n\n\n<p>El parque trabaja con paneles bifaciales, es decir que no s\u00f3lamente captan energ\u00eda directamente del sol, sino que la \u2018cara\u2019 que queda enfrentando la direcci\u00f3n opuesta tambi\u00e9n puede obtener energ\u00eda desde lo que queda reflejado en el terreno. Adem\u00e1s, est\u00e1n equipados con un sistema de trackers que hace un seguimiento de la posici\u00f3n solar y optimiza la producci\u00f3n diaria.<\/p>\n\n\n\n<p>Durante la presentaci\u00f3n del proyecto, los dirigentes de Capex tambi\u00e9n le indicaron al Gobernador que tienen planes de expandir el parque en el corto plazo. \u201cQueremos quintuplicar nuestra capacidad de generaci\u00f3n, para alcanzar los 120 megawatts. Es una propuesta que demandar\u00eda cerca de U$S 80 millones\u201d, contaron.<\/p>\n\n\n\n<p>El encuentro luego se traslad\u00f3 al centro de control, donde el Gobernador se interioriz\u00f3 acerca de los detalles t\u00e9cnicos de c\u00f3mo funciona la captaci\u00f3n de energ\u00eda. A su vez, le destac\u00f3 a los empresarios que el Gobierno est\u00e1 trabajando sobre un Plan Maestro de Energ\u00eda para garantizar el recurso en la provincia durante las pr\u00f3ximas d\u00e9cadas, con lo que es un t\u00f3pico que est\u00e1 en la c\u00faspide de la agenda estatal.<\/p>\n\n\n\n<p>\u201cSan Luis va camino a convertirse en una provincia generadora de energ\u00eda limpia y eso nos vuelve m\u00e1s competitiva. Hace algunos a\u00f1os no era as\u00ed, es un paso muy importante para el presente y futuro de San Luis. Se van sumando proyectos similares y eso beneficia directamente la competitividad que tenemos\u201d, subray\u00f3 Poggi.<\/p>\n\n\n\n<p>\u201cEsta inauguraci\u00f3n se traduce en nuevas oportunidades. San Luis est\u00e1 a la vanguardia nacional en materia de transformaci\u00f3n energ\u00e9tica y eso potencializa las posibilidades de inversi\u00f3n, de radicaci\u00f3n, de crecimiento, de trabajo\u201d, destac\u00f3 Trombotto, quien tambi\u00e9n se mostr\u00f3 satisfecho por atraer inversiones y capitales nacionales de renombre en el pa\u00eds. \u201cCapex es una empresa importante de Argentina, ahora eligieron San Luis para diversificarse y crecer. Se va materializando un proyecto que lidera nuestro Gobernador, con gran visi\u00f3n estrat\u00e9gica, y que fortalece el tejido productivo a trav\u00e9s de un recurso clave como la energ\u00eda\u201d, manifest\u00f3.<\/p>\n","protected":false},"excerpt":{"rendered":"<p>El proyecto, que est\u00e1 a cargo de la firma Capex, demand\u00f3 una inversi\u00f3n de 19 millones de d\u00f3lares y servir\u00e1 como suministro para compa\u00f1\u00edas a trav\u00e9s del sistema nacional. El gobernador Claudio Poggi acompa\u00f1\u00f3 a representantes de la empresa en el estreno del parque, un verdadero n\u00facleo de energ\u00edas limpias para la provincia. Desde este [&hellip;]<\/p>\n","protected":false},"author":1,"featured_media":5601,"comment_status":"open","ping_status":"open","sticky":false,"template":"","format":"standard","meta":{"footnotes":""},"categories":[8,54],"tags":[],"class_list":["post-5600","post","type-post","status-publish","format-standard","has-post-thumbnail","hentry","category-ayacucho","category-quines-ayacucho"],"_links":{"self":[{"href":"https:\/\/vecinosdelinterior.com\/index.php\/wp-json\/wp\/v2\/posts\/5600","targetHints":{"allow":["GET"]}}],"collection":[{"href":"https:\/\/vecinosdelinterior.com\/index.php\/wp-json\/wp\/v2\/posts"}],"about":[{"href":"https:\/\/vecinosdelinterior.com\/index.php\/wp-json\/wp\/v2\/types\/post"}],"author":[{"embeddable":true,"href":"https:\/\/vecinosdelinterior.com\/index.php\/wp-json\/wp\/v2\/users\/1"}],"replies":[{"embeddable":true,"href":"https:\/\/vecinosdelinterior.com\/index.php\/wp-json\/wp\/v2\/comments?post=5600"}],"version-history":[{"count":1,"href":"https:\/\/vecinosdelinterior.com\/index.php\/wp-json\/wp\/v2\/posts\/5600\/revisions"}],"predecessor-version":[{"id":5603,"href":"https:\/\/vecinosdelinterior.com\/index.php\/wp-json\/wp\/v2\/posts\/5600\/revisions\/5603"}],"wp:featuredmedia":[{"embeddable":true,"href":"https:\/\/vecinosdelinterior.com\/index.php\/wp-json\/wp\/v2\/media\/5601"}],"wp:attachment":[{"href":"https:\/\/vecinosdelinterior.com\/index.php\/wp-json\/wp\/v2\/media?parent=5600"}],"wp:term":[{"taxonomy":"category","embeddable":true,"href":"https:\/\/vecinosdelinterior.com\/index.php\/wp-json\/wp\/v2\/categories?post=5600"},{"taxonomy":"post_tag","embeddable":true,"href":"https:\/\/vecinosdelinterior.com\/index.php\/wp-json\/wp\/v2\/tags?post=5600"}],"curies":[{"name":"wp","href":"https:\/\/api.w.org\/{rel}","templated":true}]}}