{"id":5610,"date":"2025-10-17T21:35:54","date_gmt":"2025-10-18T00:35:54","guid":{"rendered":"https:\/\/vecinosdelinterior.com\/?p=5610"},"modified":"2025-10-17T21:36:10","modified_gmt":"2025-10-18T00:36:10","slug":"juan-jorba-un-hombre-resulto-herido-tras-protagonizar-un-accidente-automovilistico-sobre-la-ruta-nacional-8","status":"publish","type":"post","link":"https:\/\/vecinosdelinterior.com\/index.php\/2025\/10\/17\/juan-jorba-un-hombre-resulto-herido-tras-protagonizar-un-accidente-automovilistico-sobre-la-ruta-nacional-8\/","title":{"rendered":"Juan Jorba: un hombre result\u00f3 herido tras protagonizar un accidente automovil\u00edstico sobre la ruta nacional 8"},"content":{"rendered":"\n<p>VECINOSDELINTERIOR.COM \/ 17 DE OCTUBRE<br>Desde la Comisar\u00eda Seccional 11\u00b0 de Villa Mercedes informaron que este viernes 17 de octubre por la tarde, alrededor de las 15:30, se produjo un accidente de tr\u00e1nsito a la altura del kil\u00f3metro 708 de la ruta nacional 8, en la localidad de Juan Jorba.<br>De acuerdo a las averiguaciones policiales, un hombre de 54 a\u00f1os de edad conduc\u00eda de este a oeste un furg\u00f3n Mercedes Benz Sprinter cargado con insumos m\u00e9dicos y de laboratorio, y en ese sector de la ruta -por razones que se tratan de establecer- perdi\u00f3 el control del veh\u00edculo, el cual impact\u00f3 contra un \u00e1rbol.<br>A ra\u00edz de la colisi\u00f3n, el conductor result\u00f3 con distintas lesiones, por lo que fue asistido por personal del Sempro. Luego, fue trasladado en ambulancia hacia el Policl\u00ednico Regional \u201cJuan Domingo Per\u00f3n\u201d de Villa Mercedes para recibir atenci\u00f3n m\u00e9dica m\u00e1s compleja.<br>Personal policial asegur\u00f3 el lugar, adem\u00e1s de levantar documentaci\u00f3n y trasladar los elementos que transportaba el rodado.<br>Cabe se\u00f1alar que al hombre se le realiz\u00f3 el alcotest, el cual arroj\u00f3 resultado negativo de 0,00 gr\/lts de alcohol en sangre.<\/p>\n\n\n\n<figure class=\"wp-block-image size-full is-resized\"><img fetchpriority=\"high\" decoding=\"async\" width=\"900\" height=\"717\" src=\"https:\/\/vecinosdelinterior.com\/wp-content\/uploads\/2025\/10\/WhatsApp-Image-2025-10-17-at-9.21.13-PM.jpeg\" alt=\"\" class=\"wp-image-5611\" style=\"aspect-ratio:1;width:1170px;height:auto\" srcset=\"https:\/\/vecinosdelinterior.com\/wp-content\/uploads\/2025\/10\/WhatsApp-Image-2025-10-17-at-9.21.13-PM.jpeg 900w, https:\/\/vecinosdelinterior.com\/wp-content\/uploads\/2025\/10\/WhatsApp-Image-2025-10-17-at-9.21.13-PM-300x239.jpeg 300w, https:\/\/vecinosdelinterior.com\/wp-content\/uploads\/2025\/10\/WhatsApp-Image-2025-10-17-at-9.21.13-PM-768x612.jpeg 768w, https:\/\/vecinosdelinterior.com\/wp-content\/uploads\/2025\/10\/WhatsApp-Image-2025-10-17-at-9.21.13-PM-750x598.jpeg 750w\" sizes=\"(max-width: 900px) 100vw, 900px\" \/><\/figure>\n","protected":false},"excerpt":{"rendered":"<p>VECINOSDELINTERIOR.COM \/ 17 DE OCTUBREDesde la Comisar\u00eda Seccional 11\u00b0 de Villa Mercedes informaron que este viernes 17 de octubre por la tarde, alrededor de las 15:30, se produjo un accidente de tr\u00e1nsito a la altura del kil\u00f3metro 708 de la ruta nacional 8, en la localidad de Juan Jorba.De acuerdo a las averiguaciones policiales, un [&hellip;]<\/p>\n","protected":false},"author":1,"featured_media":5611,"comment_status":"open","ping_status":"open","sticky":false,"template":"","format":"standard","meta":{"footnotes":""},"categories":[240,98],"tags":[],"class_list":["post-5610","post","type-post","status-publish","format-standard","has-post-thumbnail","hentry","category-juan-jorba","category-pedernera"],"_links":{"self":[{"href":"https:\/\/vecinosdelinterior.com\/index.php\/wp-json\/wp\/v2\/posts\/5610","targetHints":{"allow":["GET"]}}],"collection":[{"href":"https:\/\/vecinosdelinterior.com\/index.php\/wp-json\/wp\/v2\/posts"}],"about":[{"href":"https:\/\/vecinosdelinterior.com\/index.php\/wp-json\/wp\/v2\/types\/post"}],"author":[{"embeddable":true,"href":"https:\/\/vecinosdelinterior.com\/index.php\/wp-json\/wp\/v2\/users\/1"}],"replies":[{"embeddable":true,"href":"https:\/\/vecinosdelinterior.com\/index.php\/wp-json\/wp\/v2\/comments?post=5610"}],"version-history":[{"count":1,"href":"https:\/\/vecinosdelinterior.com\/index.php\/wp-json\/wp\/v2\/posts\/5610\/revisions"}],"predecessor-version":[{"id":5612,"href":"https:\/\/vecinosdelinterior.com\/index.php\/wp-json\/wp\/v2\/posts\/5610\/revisions\/5612"}],"wp:featuredmedia":[{"embeddable":true,"href":"https:\/\/vecinosdelinterior.com\/index.php\/wp-json\/wp\/v2\/media\/5611"}],"wp:attachment":[{"href":"https:\/\/vecinosdelinterior.com\/index.php\/wp-json\/wp\/v2\/media?parent=5610"}],"wp:term":[{"taxonomy":"category","embeddable":true,"href":"https:\/\/vecinosdelinterior.com\/index.php\/wp-json\/wp\/v2\/categories?post=5610"},{"taxonomy":"post_tag","embeddable":true,"href":"https:\/\/vecinosdelinterior.com\/index.php\/wp-json\/wp\/v2\/tags?post=5610"}],"curies":[{"name":"wp","href":"https:\/\/api.w.org\/{rel}","templated":true}]}}