{"id":5613,"date":"2025-10-17T19:36:00","date_gmt":"2025-10-17T22:36:00","guid":{"rendered":"https:\/\/vecinosdelinterior.com\/?p=5613"},"modified":"2025-10-17T21:40:42","modified_gmt":"2025-10-18T00:40:42","slug":"se-viene-la-47a-fiesta-provincial-de-la-tradicion","status":"publish","type":"post","link":"https:\/\/vecinosdelinterior.com\/index.php\/2025\/10\/17\/se-viene-la-47a-fiesta-provincial-de-la-tradicion\/","title":{"rendered":"Se viene la 47\u00aa Fiesta Provincial de la Tradici\u00f3n"},"content":{"rendered":"\n<p>vecinosdelinterior.com \/ 17 de octubre<br>Buena Esperanza ya empieza a vivir su fiesta m\u00e1s grande: tres d\u00edas de cultura, destrezas, desfiles, m\u00fasica y encuentro.<br>\ud83d\udcc5 7, 8 y 9 de noviembre<br>\ud83d\udccd Buena Esperanza<br>El municipio de la localidad inform\u00f3 los n\u00fameros de contacto para cada \u00e1rea para quienes deseen participar y coordinar con los responsables.<\/p>\n\n\n\n<figure class=\"wp-block-gallery has-nested-images columns-default is-cropped wp-block-gallery-1 is-layout-flex wp-block-gallery-is-layout-flex\">\n<figure class=\"wp-block-image size-large\"><img fetchpriority=\"high\" decoding=\"async\" width=\"708\" height=\"904\" data-id=\"5614\" src=\"https:\/\/vecinosdelinterior.com\/wp-content\/uploads\/2025\/10\/17-10-2025-19-34-24.jpg\" alt=\"\" class=\"wp-image-5614\" srcset=\"https:\/\/vecinosdelinterior.com\/wp-content\/uploads\/2025\/10\/17-10-2025-19-34-24.jpg 708w, https:\/\/vecinosdelinterior.com\/wp-content\/uploads\/2025\/10\/17-10-2025-19-34-24-235x300.jpg 235w\" sizes=\"(max-width: 708px) 100vw, 708px\" \/><\/figure>\n\n\n\n<figure class=\"wp-block-image size-large\"><img decoding=\"async\" width=\"819\" height=\"1024\" data-id=\"5615\" src=\"https:\/\/vecinosdelinterior.com\/wp-content\/uploads\/2025\/10\/558290300_122236969352146161_7785661170245084164_n-819x1024.jpg\" alt=\"\" class=\"wp-image-5615\" srcset=\"https:\/\/vecinosdelinterior.com\/wp-content\/uploads\/2025\/10\/558290300_122236969352146161_7785661170245084164_n-819x1024.jpg 819w, https:\/\/vecinosdelinterior.com\/wp-content\/uploads\/2025\/10\/558290300_122236969352146161_7785661170245084164_n-240x300.jpg 240w, https:\/\/vecinosdelinterior.com\/wp-content\/uploads\/2025\/10\/558290300_122236969352146161_7785661170245084164_n-768x960.jpg 768w, https:\/\/vecinosdelinterior.com\/wp-content\/uploads\/2025\/10\/558290300_122236969352146161_7785661170245084164_n-750x938.jpg 750w, https:\/\/vecinosdelinterior.com\/wp-content\/uploads\/2025\/10\/558290300_122236969352146161_7785661170245084164_n.jpg 1080w\" sizes=\"(max-width: 819px) 100vw, 819px\" \/><\/figure>\n<\/figure>\n","protected":false},"excerpt":{"rendered":"<p>vecinosdelinterior.com \/ 17 de octubreBuena Esperanza ya empieza a vivir su fiesta m\u00e1s grande: tres d\u00edas de cultura, destrezas, desfiles, m\u00fasica y encuentro.\ud83d\udcc5 7, 8 y 9 de noviembre\ud83d\udccd Buena EsperanzaEl municipio de la localidad inform\u00f3 los n\u00fameros de contacto para cada \u00e1rea para quienes deseen participar y coordinar con los responsables.<\/p>\n","protected":false},"author":1,"featured_media":5614,"comment_status":"open","ping_status":"open","sticky":false,"template":"","format":"standard","meta":{"footnotes":""},"categories":[18,16],"tags":[391,177],"class_list":["post-5613","post","type-post","status-publish","format-standard","has-post-thumbnail","hentry","category-buena-esperanza-dupuy","category-dupuy","tag-eventos","tag-gestiones-destacadas"],"_links":{"self":[{"href":"https:\/\/vecinosdelinterior.com\/index.php\/wp-json\/wp\/v2\/posts\/5613","targetHints":{"allow":["GET"]}}],"collection":[{"href":"https:\/\/vecinosdelinterior.com\/index.php\/wp-json\/wp\/v2\/posts"}],"about":[{"href":"https:\/\/vecinosdelinterior.com\/index.php\/wp-json\/wp\/v2\/types\/post"}],"author":[{"embeddable":true,"href":"https:\/\/vecinosdelinterior.com\/index.php\/wp-json\/wp\/v2\/users\/1"}],"replies":[{"embeddable":true,"href":"https:\/\/vecinosdelinterior.com\/index.php\/wp-json\/wp\/v2\/comments?post=5613"}],"version-history":[{"count":1,"href":"https:\/\/vecinosdelinterior.com\/index.php\/wp-json\/wp\/v2\/posts\/5613\/revisions"}],"predecessor-version":[{"id":5616,"href":"https:\/\/vecinosdelinterior.com\/index.php\/wp-json\/wp\/v2\/posts\/5613\/revisions\/5616"}],"wp:featuredmedia":[{"embeddable":true,"href":"https:\/\/vecinosdelinterior.com\/index.php\/wp-json\/wp\/v2\/media\/5614"}],"wp:attachment":[{"href":"https:\/\/vecinosdelinterior.com\/index.php\/wp-json\/wp\/v2\/media?parent=5613"}],"wp:term":[{"taxonomy":"category","embeddable":true,"href":"https:\/\/vecinosdelinterior.com\/index.php\/wp-json\/wp\/v2\/categories?post=5613"},{"taxonomy":"post_tag","embeddable":true,"href":"https:\/\/vecinosdelinterior.com\/index.php\/wp-json\/wp\/v2\/tags?post=5613"}],"curies":[{"name":"wp","href":"https:\/\/api.w.org\/{rel}","templated":true}]}}