{"id":5627,"date":"2025-10-21T11:21:20","date_gmt":"2025-10-21T14:21:20","guid":{"rendered":"https:\/\/vecinosdelinterior.com\/?p=5627"},"modified":"2025-10-21T11:21:20","modified_gmt":"2025-10-21T14:21:20","slug":"bajan-carteleria-del-gato-fernandez-con-vehiculos-oficiales","status":"publish","type":"post","link":"https:\/\/vecinosdelinterior.com\/index.php\/2025\/10\/21\/bajan-carteleria-del-gato-fernandez-con-vehiculos-oficiales\/","title":{"rendered":"Bajan carteler\u00eda del Gato Fern\u00e1ndez con veh\u00edculos oficiales"},"content":{"rendered":"\n<p>Ins\u00f3lito:<br>Con veh\u00edculos del Gobierno de San Luis, retiraban carteler\u00eda del candidato a Diputado nacional por el PJ, Jorge \u00abGato\u00bb Fern\u00e1ndez.<br>Las im\u00e1genes tomadas por un vecino se viralizaron en redes sociales y generaron fuerte repudio.<\/p>\n\n\n\n<figure class=\"wp-block-image size-large\"><img fetchpriority=\"high\" decoding=\"async\" width=\"1024\" height=\"557\" src=\"https:\/\/vecinosdelinterior.com\/wp-content\/uploads\/2025\/10\/568435066_797117183084115_8705735540990437642_n-1024x557.jpg\" alt=\"\" class=\"wp-image-5628\" srcset=\"https:\/\/vecinosdelinterior.com\/wp-content\/uploads\/2025\/10\/568435066_797117183084115_8705735540990437642_n-1024x557.jpg 1024w, https:\/\/vecinosdelinterior.com\/wp-content\/uploads\/2025\/10\/568435066_797117183084115_8705735540990437642_n-300x163.jpg 300w, https:\/\/vecinosdelinterior.com\/wp-content\/uploads\/2025\/10\/568435066_797117183084115_8705735540990437642_n-768x417.jpg 768w, https:\/\/vecinosdelinterior.com\/wp-content\/uploads\/2025\/10\/568435066_797117183084115_8705735540990437642_n-750x408.jpg 750w, https:\/\/vecinosdelinterior.com\/wp-content\/uploads\/2025\/10\/568435066_797117183084115_8705735540990437642_n.jpg 1080w\" sizes=\"(max-width: 1024px) 100vw, 1024px\" \/><\/figure>\n","protected":false},"excerpt":{"rendered":"<p>Ins\u00f3lito:Con veh\u00edculos del Gobierno de San Luis, retiraban carteler\u00eda del candidato a Diputado nacional por el PJ, Jorge \u00abGato\u00bb Fern\u00e1ndez.Las im\u00e1genes tomadas por un vecino se viralizaron en redes sociales y generaron fuerte repudio.<\/p>\n","protected":false},"author":1,"featured_media":5628,"comment_status":"open","ping_status":"open","sticky":false,"template":"","format":"standard","meta":{"footnotes":""},"categories":[80],"tags":[492],"class_list":["post-5627","post","type-post","status-publish","format-standard","has-post-thumbnail","hentry","category-general","tag-politica"],"_links":{"self":[{"href":"https:\/\/vecinosdelinterior.com\/index.php\/wp-json\/wp\/v2\/posts\/5627","targetHints":{"allow":["GET"]}}],"collection":[{"href":"https:\/\/vecinosdelinterior.com\/index.php\/wp-json\/wp\/v2\/posts"}],"about":[{"href":"https:\/\/vecinosdelinterior.com\/index.php\/wp-json\/wp\/v2\/types\/post"}],"author":[{"embeddable":true,"href":"https:\/\/vecinosdelinterior.com\/index.php\/wp-json\/wp\/v2\/users\/1"}],"replies":[{"embeddable":true,"href":"https:\/\/vecinosdelinterior.com\/index.php\/wp-json\/wp\/v2\/comments?post=5627"}],"version-history":[{"count":1,"href":"https:\/\/vecinosdelinterior.com\/index.php\/wp-json\/wp\/v2\/posts\/5627\/revisions"}],"predecessor-version":[{"id":5629,"href":"https:\/\/vecinosdelinterior.com\/index.php\/wp-json\/wp\/v2\/posts\/5627\/revisions\/5629"}],"wp:featuredmedia":[{"embeddable":true,"href":"https:\/\/vecinosdelinterior.com\/index.php\/wp-json\/wp\/v2\/media\/5628"}],"wp:attachment":[{"href":"https:\/\/vecinosdelinterior.com\/index.php\/wp-json\/wp\/v2\/media?parent=5627"}],"wp:term":[{"taxonomy":"category","embeddable":true,"href":"https:\/\/vecinosdelinterior.com\/index.php\/wp-json\/wp\/v2\/categories?post=5627"},{"taxonomy":"post_tag","embeddable":true,"href":"https:\/\/vecinosdelinterior.com\/index.php\/wp-json\/wp\/v2\/tags?post=5627"}],"curies":[{"name":"wp","href":"https:\/\/api.w.org\/{rel}","templated":true}]}}