{"id":5630,"date":"2025-10-21T11:23:00","date_gmt":"2025-10-21T14:23:00","guid":{"rendered":"https:\/\/vecinosdelinterior.com\/?p=5630"},"modified":"2025-10-21T11:24:32","modified_gmt":"2025-10-21T14:24:32","slug":"dos-municipios-ejemplo-de-gestion-mantuvieron-un-encuentro-institucional","status":"publish","type":"post","link":"https:\/\/vecinosdelinterior.com\/index.php\/2025\/10\/21\/dos-municipios-ejemplo-de-gestion-mantuvieron-un-encuentro-institucional\/","title":{"rendered":"Dos municipios ejemplo de gesti\u00f3n mantuvieron un encuentro Institucional"},"content":{"rendered":"\n<p>VECINOSDELINTERIOR.COM \/ 21 DE OCTUBRE<br>Se trata de los municipio de Buena Esperanza y Tilisarao, que mantuvieron un encuentro para avanzar en plena colaboraci\u00f3n con pol\u00edticas que beneficien a ambas localidades.<br>La Intendenta de Buena Esperanza Ing. Sof\u00eda Larroude y el Intendente de Tilisarao, Juan Manuel Olgu\u00edn firmaron un Convenio Marco de Cooperaci\u00f3n Institucional, adem\u00e1s, se compartieron recorridos y experiencias de gesti\u00f3n que enriquecen el trabajo conjunto.<\/p>\n\n\n\n<figure class=\"wp-block-gallery has-nested-images columns-default is-cropped wp-block-gallery-1 is-layout-flex wp-block-gallery-is-layout-flex\">\n<figure class=\"wp-block-image size-large\"><img fetchpriority=\"high\" decoding=\"async\" width=\"852\" height=\"568\" data-id=\"5632\" src=\"https:\/\/vecinosdelinterior.com\/wp-content\/uploads\/2025\/10\/\ud83d\udccc-Encuentro-Institucional-en-TilisaraoNuestra-Intendenta-Sofia-Larroude-junto-al-concejal-Seba-3.jpg\" alt=\"\" class=\"wp-image-5632\" srcset=\"https:\/\/vecinosdelinterior.com\/wp-content\/uploads\/2025\/10\/\ud83d\udccc-Encuentro-Institucional-en-TilisaraoNuestra-Intendenta-Sofia-Larroude-junto-al-concejal-Seba-3.jpg 852w, https:\/\/vecinosdelinterior.com\/wp-content\/uploads\/2025\/10\/\ud83d\udccc-Encuentro-Institucional-en-TilisaraoNuestra-Intendenta-Sofia-Larroude-junto-al-concejal-Seba-3-300x200.jpg 300w, https:\/\/vecinosdelinterior.com\/wp-content\/uploads\/2025\/10\/\ud83d\udccc-Encuentro-Institucional-en-TilisaraoNuestra-Intendenta-Sofia-Larroude-junto-al-concejal-Seba-3-768x512.jpg 768w, https:\/\/vecinosdelinterior.com\/wp-content\/uploads\/2025\/10\/\ud83d\udccc-Encuentro-Institucional-en-TilisaraoNuestra-Intendenta-Sofia-Larroude-junto-al-concejal-Seba-3-750x500.jpg 750w\" sizes=\"(max-width: 852px) 100vw, 852px\" \/><\/figure>\n\n\n\n<figure class=\"wp-block-image size-large\"><img decoding=\"async\" width=\"853\" height=\"568\" data-id=\"5633\" src=\"https:\/\/vecinosdelinterior.com\/wp-content\/uploads\/2025\/10\/\ud83d\udccc-Encuentro-Institucional-en-TilisaraoNuestra-Intendenta-Sofia-Larroude-junto-al-concejal-Seba-2.jpg\" alt=\"\" class=\"wp-image-5633\" srcset=\"https:\/\/vecinosdelinterior.com\/wp-content\/uploads\/2025\/10\/\ud83d\udccc-Encuentro-Institucional-en-TilisaraoNuestra-Intendenta-Sofia-Larroude-junto-al-concejal-Seba-2.jpg 853w, https:\/\/vecinosdelinterior.com\/wp-content\/uploads\/2025\/10\/\ud83d\udccc-Encuentro-Institucional-en-TilisaraoNuestra-Intendenta-Sofia-Larroude-junto-al-concejal-Seba-2-300x200.jpg 300w, https:\/\/vecinosdelinterior.com\/wp-content\/uploads\/2025\/10\/\ud83d\udccc-Encuentro-Institucional-en-TilisaraoNuestra-Intendenta-Sofia-Larroude-junto-al-concejal-Seba-2-768x511.jpg 768w, https:\/\/vecinosdelinterior.com\/wp-content\/uploads\/2025\/10\/\ud83d\udccc-Encuentro-Institucional-en-TilisaraoNuestra-Intendenta-Sofia-Larroude-junto-al-concejal-Seba-2-750x499.jpg 750w\" sizes=\"(max-width: 853px) 100vw, 853px\" \/><\/figure>\n\n\n\n<figure class=\"wp-block-image size-large\"><img decoding=\"async\" width=\"1024\" height=\"683\" data-id=\"5634\" src=\"https:\/\/vecinosdelinterior.com\/wp-content\/uploads\/2025\/10\/\ud83d\udccc-Encuentro-Institucional-en-TilisaraoNuestra-Intendenta-Sofia-Larroude-junto-al-concejal-Seba-1-1024x683.jpg\" alt=\"\" class=\"wp-image-5634\" srcset=\"https:\/\/vecinosdelinterior.com\/wp-content\/uploads\/2025\/10\/\ud83d\udccc-Encuentro-Institucional-en-TilisaraoNuestra-Intendenta-Sofia-Larroude-junto-al-concejal-Seba-1-1024x683.jpg 1024w, https:\/\/vecinosdelinterior.com\/wp-content\/uploads\/2025\/10\/\ud83d\udccc-Encuentro-Institucional-en-TilisaraoNuestra-Intendenta-Sofia-Larroude-junto-al-concejal-Seba-1-300x200.jpg 300w, https:\/\/vecinosdelinterior.com\/wp-content\/uploads\/2025\/10\/\ud83d\udccc-Encuentro-Institucional-en-TilisaraoNuestra-Intendenta-Sofia-Larroude-junto-al-concejal-Seba-1-768x512.jpg 768w, https:\/\/vecinosdelinterior.com\/wp-content\/uploads\/2025\/10\/\ud83d\udccc-Encuentro-Institucional-en-TilisaraoNuestra-Intendenta-Sofia-Larroude-junto-al-concejal-Seba-1-750x500.jpg 750w, https:\/\/vecinosdelinterior.com\/wp-content\/uploads\/2025\/10\/\ud83d\udccc-Encuentro-Institucional-en-TilisaraoNuestra-Intendenta-Sofia-Larroude-junto-al-concejal-Seba-1.jpg 1080w\" sizes=\"(max-width: 1024px) 100vw, 1024px\" \/><\/figure>\n\n\n\n<figure class=\"wp-block-image size-large\"><img loading=\"lazy\" decoding=\"async\" width=\"853\" height=\"568\" data-id=\"5631\" src=\"https:\/\/vecinosdelinterior.com\/wp-content\/uploads\/2025\/10\/\ud83d\udccc-Encuentro-Institucional-en-TilisaraoNuestra-Intendenta-Sofia-Larroude-junto-al-concejal-Seba.jpg\" alt=\"\" class=\"wp-image-5631\" srcset=\"https:\/\/vecinosdelinterior.com\/wp-content\/uploads\/2025\/10\/\ud83d\udccc-Encuentro-Institucional-en-TilisaraoNuestra-Intendenta-Sofia-Larroude-junto-al-concejal-Seba.jpg 853w, https:\/\/vecinosdelinterior.com\/wp-content\/uploads\/2025\/10\/\ud83d\udccc-Encuentro-Institucional-en-TilisaraoNuestra-Intendenta-Sofia-Larroude-junto-al-concejal-Seba-300x200.jpg 300w, https:\/\/vecinosdelinterior.com\/wp-content\/uploads\/2025\/10\/\ud83d\udccc-Encuentro-Institucional-en-TilisaraoNuestra-Intendenta-Sofia-Larroude-junto-al-concejal-Seba-768x511.jpg 768w, https:\/\/vecinosdelinterior.com\/wp-content\/uploads\/2025\/10\/\ud83d\udccc-Encuentro-Institucional-en-TilisaraoNuestra-Intendenta-Sofia-Larroude-junto-al-concejal-Seba-750x499.jpg 750w\" sizes=\"(max-width: 853px) 100vw, 853px\" \/><\/figure>\n<\/figure>\n","protected":false},"excerpt":{"rendered":"<p>VECINOSDELINTERIOR.COM \/ 21 DE OCTUBRESe trata de los municipio de Buena Esperanza y Tilisarao, que mantuvieron un encuentro para avanzar en plena colaboraci\u00f3n con pol\u00edticas que beneficien a ambas localidades.La Intendenta de Buena Esperanza Ing. Sof\u00eda Larroude y el Intendente de Tilisarao, Juan Manuel Olgu\u00edn firmaron un Convenio Marco de Cooperaci\u00f3n Institucional, adem\u00e1s, se compartieron [&hellip;]<\/p>\n","protected":false},"author":1,"featured_media":5631,"comment_status":"open","ping_status":"open","sticky":false,"template":"","format":"standard","meta":{"footnotes":""},"categories":[18,29,16,30],"tags":[177,492],"class_list":["post-5630","post","type-post","status-publish","format-standard","has-post-thumbnail","hentry","category-buena-esperanza-dupuy","category-chacabuco","category-dupuy","category-tilisarao","tag-gestiones-destacadas","tag-politica"],"_links":{"self":[{"href":"https:\/\/vecinosdelinterior.com\/index.php\/wp-json\/wp\/v2\/posts\/5630","targetHints":{"allow":["GET"]}}],"collection":[{"href":"https:\/\/vecinosdelinterior.com\/index.php\/wp-json\/wp\/v2\/posts"}],"about":[{"href":"https:\/\/vecinosdelinterior.com\/index.php\/wp-json\/wp\/v2\/types\/post"}],"author":[{"embeddable":true,"href":"https:\/\/vecinosdelinterior.com\/index.php\/wp-json\/wp\/v2\/users\/1"}],"replies":[{"embeddable":true,"href":"https:\/\/vecinosdelinterior.com\/index.php\/wp-json\/wp\/v2\/comments?post=5630"}],"version-history":[{"count":1,"href":"https:\/\/vecinosdelinterior.com\/index.php\/wp-json\/wp\/v2\/posts\/5630\/revisions"}],"predecessor-version":[{"id":5635,"href":"https:\/\/vecinosdelinterior.com\/index.php\/wp-json\/wp\/v2\/posts\/5630\/revisions\/5635"}],"wp:featuredmedia":[{"embeddable":true,"href":"https:\/\/vecinosdelinterior.com\/index.php\/wp-json\/wp\/v2\/media\/5631"}],"wp:attachment":[{"href":"https:\/\/vecinosdelinterior.com\/index.php\/wp-json\/wp\/v2\/media?parent=5630"}],"wp:term":[{"taxonomy":"category","embeddable":true,"href":"https:\/\/vecinosdelinterior.com\/index.php\/wp-json\/wp\/v2\/categories?post=5630"},{"taxonomy":"post_tag","embeddable":true,"href":"https:\/\/vecinosdelinterior.com\/index.php\/wp-json\/wp\/v2\/tags?post=5630"}],"curies":[{"name":"wp","href":"https:\/\/api.w.org\/{rel}","templated":true}]}}