{"id":5645,"date":"2025-10-21T11:49:33","date_gmt":"2025-10-21T14:49:33","guid":{"rendered":"https:\/\/vecinosdelinterior.com\/?p=5645"},"modified":"2025-10-22T11:50:32","modified_gmt":"2025-10-22T14:50:32","slug":"murio-el-intendente-de-fortin-el-patria-diego-raul-gatica","status":"publish","type":"post","link":"https:\/\/vecinosdelinterior.com\/index.php\/2025\/10\/21\/murio-el-intendente-de-fortin-el-patria-diego-raul-gatica\/","title":{"rendered":"Muri\u00f3 el intendente de Fort\u00edn el Patria, Diego Ra\u00fal Gatica"},"content":{"rendered":"\n<p>El jefe comunal fue hallado sin vida este lunes por la noche en una vivienda de Buena Esperanza.<br>martes 21 de octubre de 2025<br>Muri\u00f3 el intendente de Fort\u00edn el Patria, Diego Ra\u00fal Gatica<br>El sur provincial se encuentra conmocionado por la muerte del intendente de Fort\u00edn El Patria (departamento Dupuy), Diego Ra\u00fal Gatica, ocurrida este lunes por la noche en una vivienda ubicada en el acceso a la localidad de Buena Esperanza, donde resid\u00eda un familiar.<\/p>\n\n\n\n<p>De acuerdo a los primeros testimonios, vecinos de la zona relataron en redes sociales haber escuchado \u201cdos disparos\u201d y la llegada de una ambulancia minutos despu\u00e9s. Poco tiempo m\u00e1s tarde comenz\u00f3 a circular la triste noticia del fallecimiento del jefe comunal.<\/p>\n\n\n\n<p>Hasta el momento, no se emiti\u00f3 un parte oficial sobre las circunstancias del hecho. Sin embargo, fuentes cercanas indicaron que todo apunta a que el dirigente del Departamento Dupuy se habr\u00eda quitado la vida.<\/p>\n","protected":false},"excerpt":{"rendered":"<p>El jefe comunal fue hallado sin vida este lunes por la noche en una vivienda de Buena Esperanza.martes 21 de octubre de 2025Muri\u00f3 el intendente de Fort\u00edn el Patria, Diego Ra\u00fal GaticaEl sur provincial se encuentra conmocionado por la muerte del intendente de Fort\u00edn El Patria (departamento Dupuy), Diego Ra\u00fal Gatica, ocurrida este lunes por [&hellip;]<\/p>\n","protected":false},"author":1,"featured_media":5646,"comment_status":"open","ping_status":"open","sticky":false,"template":"","format":"standard","meta":{"footnotes":""},"categories":[1],"tags":[46],"class_list":["post-5645","post","type-post","status-publish","format-standard","has-post-thumbnail","hentry","category-blog","tag-policiales"],"_links":{"self":[{"href":"https:\/\/vecinosdelinterior.com\/index.php\/wp-json\/wp\/v2\/posts\/5645","targetHints":{"allow":["GET"]}}],"collection":[{"href":"https:\/\/vecinosdelinterior.com\/index.php\/wp-json\/wp\/v2\/posts"}],"about":[{"href":"https:\/\/vecinosdelinterior.com\/index.php\/wp-json\/wp\/v2\/types\/post"}],"author":[{"embeddable":true,"href":"https:\/\/vecinosdelinterior.com\/index.php\/wp-json\/wp\/v2\/users\/1"}],"replies":[{"embeddable":true,"href":"https:\/\/vecinosdelinterior.com\/index.php\/wp-json\/wp\/v2\/comments?post=5645"}],"version-history":[{"count":1,"href":"https:\/\/vecinosdelinterior.com\/index.php\/wp-json\/wp\/v2\/posts\/5645\/revisions"}],"predecessor-version":[{"id":5647,"href":"https:\/\/vecinosdelinterior.com\/index.php\/wp-json\/wp\/v2\/posts\/5645\/revisions\/5647"}],"wp:featuredmedia":[{"embeddable":true,"href":"https:\/\/vecinosdelinterior.com\/index.php\/wp-json\/wp\/v2\/media\/5646"}],"wp:attachment":[{"href":"https:\/\/vecinosdelinterior.com\/index.php\/wp-json\/wp\/v2\/media?parent=5645"}],"wp:term":[{"taxonomy":"category","embeddable":true,"href":"https:\/\/vecinosdelinterior.com\/index.php\/wp-json\/wp\/v2\/categories?post=5645"},{"taxonomy":"post_tag","embeddable":true,"href":"https:\/\/vecinosdelinterior.com\/index.php\/wp-json\/wp\/v2\/tags?post=5645"}],"curies":[{"name":"wp","href":"https:\/\/api.w.org\/{rel}","templated":true}]}}