{"id":5655,"date":"2025-10-22T11:53:42","date_gmt":"2025-10-22T14:53:42","guid":{"rendered":"https:\/\/vecinosdelinterior.com\/?p=5655"},"modified":"2025-10-22T11:53:43","modified_gmt":"2025-10-22T14:53:43","slug":"dictan-un-taller-de-flora-y-fauna-para-el-sector-turistico-en-merlo","status":"publish","type":"post","link":"https:\/\/vecinosdelinterior.com\/index.php\/2025\/10\/22\/dictan-un-taller-de-flora-y-fauna-para-el-sector-turistico-en-merlo\/","title":{"rendered":"Dictan un taller de flora y fauna para el sector tur\u00edstico en Merlo"},"content":{"rendered":"\n<p>VECINOSDELINTERIOR.COM \/ 22 DE OCTUBRE<br>En la Villa de Merlo se desarrolla una capacitaci\u00f3n que forma parte del convenio entre ProCaTur y la Facultad de Turismo y Urbanismo. Se trata de un taller de flora y fauna para trabajadores y emprendedores del sector tur\u00edstico que deseen fortalecer sus conocimientos sobre el entorno natural de la regi\u00f3n.<br>La interesante iniciativa busca promover una mirada integral sobre la naturaleza como eje de desarrollo y sostenibilidad, fomentando la interpretaci\u00f3n responsable del patrimonio ambiental merlino. La actividad inici\u00f3 este lunes 20 y tendr\u00e1 otro encuentro el lunes 27 de octubre, de 17:00 a 20:00, en la Casa del Poeta \u2018Antonio Esteban Ag\u00fcero\u2019.<br>Durante la capacitaci\u00f3n que es 100% gratuita, los participantes aprender\u00e1n sobre el reconocimiento de especies nativas, la importancia de la flora y fauna en el desarrollo tur\u00edstico, la conservaci\u00f3n y las pr\u00e1cticas sostenibles, adem\u00e1s de herramientas para interpretar el patrimonio natural ante los visitantes.<br>Se trata de una valiosa oportunidad para continuar aprendiendo y fortalecer la identidad tur\u00edstica de Merlo, en un trabajo articulado entre instituciones locales y provinciales. Para las personas que deseen sumarse al encuentro de la pr\u00f3xima semana, todav\u00eda permanece abierta la inscripci\u00f3n aqu\u00ed.<br>Vale destacar que los principales destinatarios de esta propuesta de formaci\u00f3n son prestadores tur\u00edsticos de la localidad (trabajadores de hoteler\u00eda, gastronom\u00eda, agencias de viajes), estudiantes de carreras de turismo y hoteler\u00eda, y tambi\u00e9n p\u00fablico en general que tenga inter\u00e9s y curiosidad sobre la tem\u00e1tica.<br>El dictado de este taller se encuentra a cargo del docente de la Facultad de Turismo y Urbanismo (UNSL), Mag. Germ\u00e1n Roitman, en el marco de convenios interinstitucionales establecidos con la secretar\u00eda de Turismo de la Municipalidad de la Villa de Merlo.<\/p>\n\n\n\n<figure class=\"wp-block-gallery has-nested-images columns-default is-cropped wp-block-gallery-1 is-layout-flex wp-block-gallery-is-layout-flex\">\n<figure class=\"wp-block-image size-large\"><img fetchpriority=\"high\" decoding=\"async\" width=\"1024\" height=\"683\" data-id=\"5656\" src=\"https:\/\/vecinosdelinterior.com\/wp-content\/uploads\/2025\/10\/1-4-2-1024x683.jpg\" alt=\"\" class=\"wp-image-5656\" srcset=\"https:\/\/vecinosdelinterior.com\/wp-content\/uploads\/2025\/10\/1-4-2-1024x683.jpg 1024w, https:\/\/vecinosdelinterior.com\/wp-content\/uploads\/2025\/10\/1-4-2-300x200.jpg 300w, https:\/\/vecinosdelinterior.com\/wp-content\/uploads\/2025\/10\/1-4-2-768x512.jpg 768w, https:\/\/vecinosdelinterior.com\/wp-content\/uploads\/2025\/10\/1-4-2-1536x1024.jpg 1536w, https:\/\/vecinosdelinterior.com\/wp-content\/uploads\/2025\/10\/1-4-2-750x500.jpg 750w, https:\/\/vecinosdelinterior.com\/wp-content\/uploads\/2025\/10\/1-4-2-1140x760.jpg 1140w, https:\/\/vecinosdelinterior.com\/wp-content\/uploads\/2025\/10\/1-4-2.jpg 1600w\" sizes=\"(max-width: 1024px) 100vw, 1024px\" \/><\/figure>\n<\/figure>\n","protected":false},"excerpt":{"rendered":"<p>VECINOSDELINTERIOR.COM \/ 22 DE OCTUBREEn la Villa de Merlo se desarrolla una capacitaci\u00f3n que forma parte del convenio entre ProCaTur y la Facultad de Turismo y Urbanismo. Se trata de un taller de flora y fauna para trabajadores y emprendedores del sector tur\u00edstico que deseen fortalecer sus conocimientos sobre el entorno natural de la regi\u00f3n.La [&hellip;]<\/p>\n","protected":false},"author":1,"featured_media":5656,"comment_status":"open","ping_status":"open","sticky":false,"template":"","format":"standard","meta":{"footnotes":""},"categories":[23,73],"tags":[391,175],"class_list":["post-5655","post","type-post","status-publish","format-standard","has-post-thumbnail","hentry","category-junin","category-merlo","tag-eventos","tag-turismo"],"_links":{"self":[{"href":"https:\/\/vecinosdelinterior.com\/index.php\/wp-json\/wp\/v2\/posts\/5655","targetHints":{"allow":["GET"]}}],"collection":[{"href":"https:\/\/vecinosdelinterior.com\/index.php\/wp-json\/wp\/v2\/posts"}],"about":[{"href":"https:\/\/vecinosdelinterior.com\/index.php\/wp-json\/wp\/v2\/types\/post"}],"author":[{"embeddable":true,"href":"https:\/\/vecinosdelinterior.com\/index.php\/wp-json\/wp\/v2\/users\/1"}],"replies":[{"embeddable":true,"href":"https:\/\/vecinosdelinterior.com\/index.php\/wp-json\/wp\/v2\/comments?post=5655"}],"version-history":[{"count":1,"href":"https:\/\/vecinosdelinterior.com\/index.php\/wp-json\/wp\/v2\/posts\/5655\/revisions"}],"predecessor-version":[{"id":5657,"href":"https:\/\/vecinosdelinterior.com\/index.php\/wp-json\/wp\/v2\/posts\/5655\/revisions\/5657"}],"wp:featuredmedia":[{"embeddable":true,"href":"https:\/\/vecinosdelinterior.com\/index.php\/wp-json\/wp\/v2\/media\/5656"}],"wp:attachment":[{"href":"https:\/\/vecinosdelinterior.com\/index.php\/wp-json\/wp\/v2\/media?parent=5655"}],"wp:term":[{"taxonomy":"category","embeddable":true,"href":"https:\/\/vecinosdelinterior.com\/index.php\/wp-json\/wp\/v2\/categories?post=5655"},{"taxonomy":"post_tag","embeddable":true,"href":"https:\/\/vecinosdelinterior.com\/index.php\/wp-json\/wp\/v2\/tags?post=5655"}],"curies":[{"name":"wp","href":"https:\/\/api.w.org\/{rel}","templated":true}]}}