{"id":5661,"date":"2025-10-23T12:08:20","date_gmt":"2025-10-23T15:08:20","guid":{"rendered":"https:\/\/vecinosdelinterior.com\/?p=5661"},"modified":"2025-10-25T12:09:18","modified_gmt":"2025-10-25T15:09:18","slug":"san-francisco-del-monte-de-oro-una-camioneta-y-un-automovil-protagonizaron-un-accidente-en-la-ruta-provincial-9-no-hubo-personas-heridas","status":"publish","type":"post","link":"https:\/\/vecinosdelinterior.com\/index.php\/2025\/10\/23\/san-francisco-del-monte-de-oro-una-camioneta-y-un-automovil-protagonizaron-un-accidente-en-la-ruta-provincial-9-no-hubo-personas-heridas\/","title":{"rendered":"San Francisco del Monte de Oro: una camioneta y un autom\u00f3vil protagonizaron un accidente en la ruta provincial 9; no hubo personas heridas"},"content":{"rendered":"\n<p>Vecinos del Interior Puntano \/ 23 de octubre<br>Desde la Comisar\u00eda Distrito 14\u00b0 informaron que este mi\u00e9rcoles 22 de octubre por la noche alrededor de las 21:40, se produjo un accidente de tr\u00e1nsito en la ruta provincial 9, a la altura del Cristo, en el ingreso a la localidad de San Francisco del Monte de Oro.<br>De acuerdo a las averiguaciones policiales, en ese sitio colisionaron una camioneta Ford Ranger que era conducida por un hombre de 50 a\u00f1os de edad y un autom\u00f3vil Ford Falcon que era conducido por un hombre de 59 a\u00f1os de edad, quien iba en compa\u00f1\u00eda de una mujer de 39 a\u00f1os de edad.<br>Seg\u00fan el informe policial, la camioneta circulaba de sur a norte y el impacto se habr\u00eda producido debido a que el autom\u00f3vil Ford Falcon estaba estacionado en ese momento sobre la carpeta asf\u00e1ltica, en sentido sur a norte.<br>Al lugar acudi\u00f3 personal m\u00e9dico del hospital local, quienes brindaron asistencia a los ocupantes de los veh\u00edculos involucrados en el siniestro vial. Adem\u00e1s, se constat\u00f3 que ninguno requer\u00eda traslado hacia alg\u00fan hospital.<br>Cabe se\u00f1alar que se les realiz\u00f3 el alcotest a los conductores de la camioneta y del autom\u00f3vil, arrojando resultado negativo de 0,00 gr\/lts de alcohol en sangre en ambos casos.<br>Asimismo, se le labr\u00f3 una infracci\u00f3n al conductor del autom\u00f3vil Ford Falcon ya que no contaba con licencia de conducir y tampoco ten\u00eda la documentaci\u00f3n del veh\u00edculo, adem\u00e1s de haber estado estacionado sobre la carpeta asf\u00e1ltica.<\/p>\n\n\n\n<figure class=\"wp-block-gallery has-nested-images columns-default is-cropped wp-block-gallery-1 is-layout-flex wp-block-gallery-is-layout-flex\">\n<figure class=\"wp-block-image size-large\"><img fetchpriority=\"high\" decoding=\"async\" width=\"996\" height=\"720\" data-id=\"5662\" src=\"https:\/\/vecinosdelinterior.com\/wp-content\/uploads\/2025\/10\/571186216_684464768037546_3089920070741973737_n.jpg\" alt=\"\" class=\"wp-image-5662\" srcset=\"https:\/\/vecinosdelinterior.com\/wp-content\/uploads\/2025\/10\/571186216_684464768037546_3089920070741973737_n.jpg 996w, https:\/\/vecinosdelinterior.com\/wp-content\/uploads\/2025\/10\/571186216_684464768037546_3089920070741973737_n-300x217.jpg 300w, https:\/\/vecinosdelinterior.com\/wp-content\/uploads\/2025\/10\/571186216_684464768037546_3089920070741973737_n-768x555.jpg 768w, https:\/\/vecinosdelinterior.com\/wp-content\/uploads\/2025\/10\/571186216_684464768037546_3089920070741973737_n-120x86.jpg 120w, https:\/\/vecinosdelinterior.com\/wp-content\/uploads\/2025\/10\/571186216_684464768037546_3089920070741973737_n-750x542.jpg 750w\" sizes=\"(max-width: 996px) 100vw, 996px\" \/><\/figure>\n\n\n\n<figure class=\"wp-block-image size-large\"><img decoding=\"async\" width=\"1024\" height=\"644\" data-id=\"5663\" src=\"https:\/\/vecinosdelinterior.com\/wp-content\/uploads\/2025\/10\/571361091_684464738037549_6781815958241749751_n-1024x644.jpg\" alt=\"\" class=\"wp-image-5663\" srcset=\"https:\/\/vecinosdelinterior.com\/wp-content\/uploads\/2025\/10\/571361091_684464738037549_6781815958241749751_n-1024x644.jpg 1024w, https:\/\/vecinosdelinterior.com\/wp-content\/uploads\/2025\/10\/571361091_684464738037549_6781815958241749751_n-300x189.jpg 300w, https:\/\/vecinosdelinterior.com\/wp-content\/uploads\/2025\/10\/571361091_684464738037549_6781815958241749751_n-768x483.jpg 768w, https:\/\/vecinosdelinterior.com\/wp-content\/uploads\/2025\/10\/571361091_684464738037549_6781815958241749751_n-750x472.jpg 750w, https:\/\/vecinosdelinterior.com\/wp-content\/uploads\/2025\/10\/571361091_684464738037549_6781815958241749751_n-1140x717.jpg 1140w, https:\/\/vecinosdelinterior.com\/wp-content\/uploads\/2025\/10\/571361091_684464738037549_6781815958241749751_n.jpg 1145w\" sizes=\"(max-width: 1024px) 100vw, 1024px\" \/><\/figure>\n<\/figure>\n","protected":false},"excerpt":{"rendered":"<p>Vecinos del Interior Puntano \/ 23 de octubreDesde la Comisar\u00eda Distrito 14\u00b0 informaron que este mi\u00e9rcoles 22 de octubre por la noche alrededor de las 21:40, se produjo un accidente de tr\u00e1nsito en la ruta provincial 9, a la altura del Cristo, en el ingreso a la localidad de San Francisco del Monte de Oro.De [&hellip;]<\/p>\n","protected":false},"author":1,"featured_media":5663,"comment_status":"open","ping_status":"open","sticky":false,"template":"","format":"standard","meta":{"footnotes":""},"categories":[8,9],"tags":[],"class_list":["post-5661","post","type-post","status-publish","format-standard","has-post-thumbnail","hentry","category-ayacucho","category-san-francisco"],"_links":{"self":[{"href":"https:\/\/vecinosdelinterior.com\/index.php\/wp-json\/wp\/v2\/posts\/5661","targetHints":{"allow":["GET"]}}],"collection":[{"href":"https:\/\/vecinosdelinterior.com\/index.php\/wp-json\/wp\/v2\/posts"}],"about":[{"href":"https:\/\/vecinosdelinterior.com\/index.php\/wp-json\/wp\/v2\/types\/post"}],"author":[{"embeddable":true,"href":"https:\/\/vecinosdelinterior.com\/index.php\/wp-json\/wp\/v2\/users\/1"}],"replies":[{"embeddable":true,"href":"https:\/\/vecinosdelinterior.com\/index.php\/wp-json\/wp\/v2\/comments?post=5661"}],"version-history":[{"count":1,"href":"https:\/\/vecinosdelinterior.com\/index.php\/wp-json\/wp\/v2\/posts\/5661\/revisions"}],"predecessor-version":[{"id":5664,"href":"https:\/\/vecinosdelinterior.com\/index.php\/wp-json\/wp\/v2\/posts\/5661\/revisions\/5664"}],"wp:featuredmedia":[{"embeddable":true,"href":"https:\/\/vecinosdelinterior.com\/index.php\/wp-json\/wp\/v2\/media\/5663"}],"wp:attachment":[{"href":"https:\/\/vecinosdelinterior.com\/index.php\/wp-json\/wp\/v2\/media?parent=5661"}],"wp:term":[{"taxonomy":"category","embeddable":true,"href":"https:\/\/vecinosdelinterior.com\/index.php\/wp-json\/wp\/v2\/categories?post=5661"},{"taxonomy":"post_tag","embeddable":true,"href":"https:\/\/vecinosdelinterior.com\/index.php\/wp-json\/wp\/v2\/tags?post=5661"}],"curies":[{"name":"wp","href":"https:\/\/api.w.org\/{rel}","templated":true}]}}