{"id":5689,"date":"2025-10-27T22:30:10","date_gmt":"2025-10-28T01:30:10","guid":{"rendered":"https:\/\/vecinosdelinterior.com\/?p=5689"},"modified":"2025-10-27T22:30:10","modified_gmt":"2025-10-28T01:30:10","slug":"convocatoria-publica-por-ordenanza-de-transporte-en-san-francisco","status":"publish","type":"post","link":"https:\/\/vecinosdelinterior.com\/index.php\/2025\/10\/27\/convocatoria-publica-por-ordenanza-de-transporte-en-san-francisco\/","title":{"rendered":"Convocatoria P\u00fablica por ordenanza de Transporte en San Francisco"},"content":{"rendered":"\n<p>El Municipio de San Francisco del Monte de Oro y el Honorable Concejo Deliberante convocan a todos los choferes y propietarios de remises y taxis, tanto inscriptos como no inscriptos, a participar de una reuni\u00f3n informativa y de di\u00e1logo sobre la creaci\u00f3n de una nueva ordenanza de transporte.<br>\ud83d\udccd Lugar: Concejo Deliberante<br>\ud83d\udcc5 Martes 28 de octubre \u2013 20:00 hs<br>Tu presencia y opini\u00f3n son muy importantes para construir entre todos un servicio de transporte m\u00e1s ordenado, justo y eficiente para nuestra comunidad.<\/p>\n","protected":false},"excerpt":{"rendered":"<p>El Municipio de San Francisco del Monte de Oro y el Honorable Concejo Deliberante convocan a todos los choferes y propietarios de remises y taxis, tanto inscriptos como no inscriptos, a participar de una reuni\u00f3n informativa y de di\u00e1logo sobre la creaci\u00f3n de una nueva ordenanza de transporte.\ud83d\udccd Lugar: Concejo Deliberante\ud83d\udcc5 Martes 28 de octubre [&hellip;]<\/p>\n","protected":false},"author":1,"featured_media":5690,"comment_status":"open","ping_status":"open","sticky":false,"template":"","format":"standard","meta":{"footnotes":""},"categories":[8,9],"tags":[],"class_list":["post-5689","post","type-post","status-publish","format-standard","has-post-thumbnail","hentry","category-ayacucho","category-san-francisco"],"_links":{"self":[{"href":"https:\/\/vecinosdelinterior.com\/index.php\/wp-json\/wp\/v2\/posts\/5689","targetHints":{"allow":["GET"]}}],"collection":[{"href":"https:\/\/vecinosdelinterior.com\/index.php\/wp-json\/wp\/v2\/posts"}],"about":[{"href":"https:\/\/vecinosdelinterior.com\/index.php\/wp-json\/wp\/v2\/types\/post"}],"author":[{"embeddable":true,"href":"https:\/\/vecinosdelinterior.com\/index.php\/wp-json\/wp\/v2\/users\/1"}],"replies":[{"embeddable":true,"href":"https:\/\/vecinosdelinterior.com\/index.php\/wp-json\/wp\/v2\/comments?post=5689"}],"version-history":[{"count":1,"href":"https:\/\/vecinosdelinterior.com\/index.php\/wp-json\/wp\/v2\/posts\/5689\/revisions"}],"predecessor-version":[{"id":5691,"href":"https:\/\/vecinosdelinterior.com\/index.php\/wp-json\/wp\/v2\/posts\/5689\/revisions\/5691"}],"wp:featuredmedia":[{"embeddable":true,"href":"https:\/\/vecinosdelinterior.com\/index.php\/wp-json\/wp\/v2\/media\/5690"}],"wp:attachment":[{"href":"https:\/\/vecinosdelinterior.com\/index.php\/wp-json\/wp\/v2\/media?parent=5689"}],"wp:term":[{"taxonomy":"category","embeddable":true,"href":"https:\/\/vecinosdelinterior.com\/index.php\/wp-json\/wp\/v2\/categories?post=5689"},{"taxonomy":"post_tag","embeddable":true,"href":"https:\/\/vecinosdelinterior.com\/index.php\/wp-json\/wp\/v2\/tags?post=5689"}],"curies":[{"name":"wp","href":"https:\/\/api.w.org\/{rel}","templated":true}]}}