{"id":5695,"date":"2025-10-30T14:39:15","date_gmt":"2025-10-30T17:39:15","guid":{"rendered":"https:\/\/vecinosdelinterior.com\/?p=5695"},"modified":"2025-10-30T14:39:16","modified_gmt":"2025-10-30T17:39:16","slug":"bagual-da-comienzo-a-los-50-festivales-de-san-luis-para-celebrar-identidad-cultura-y-turismo","status":"publish","type":"post","link":"https:\/\/vecinosdelinterior.com\/index.php\/2025\/10\/30\/bagual-da-comienzo-a-los-50-festivales-de-san-luis-para-celebrar-identidad-cultura-y-turismo\/","title":{"rendered":"Bagual da comienzo a los \u201950 Festivales de San Luis\u2019 para celebrar identidad, cultura y turismo"},"content":{"rendered":"\n<p>VECINOSDELINTERIOR.COM \/ 30 DE OCTUBRE<br>La Provincia lanz\u00f3 el programa \u201850 Festivales de San Luis\u2019, una iniciativa que articula tradici\u00f3n, turismo y desarrollo econ\u00f3mico local. La propuesta re\u00fane 50 festivales distribuidos a lo largo del calendario 2025-2026 con el fin de dar visibilidad a cada rinc\u00f3n del territorio sanluise\u00f1o.<br>La estrategia de los \u201950 Festivales de San Luis\u2019 no es simplemente una agenda de eventos, es una apuesta a hacer visible la cultura sanluise\u00f1a, reforzando la identidad y promoviendo el turismo.<\/p>\n\n\n\n<figure class=\"wp-block-gallery has-nested-images columns-default is-cropped wp-block-gallery-1 is-layout-flex wp-block-gallery-is-layout-flex\">\n<figure class=\"wp-block-image size-large\"><img fetchpriority=\"high\" decoding=\"async\" width=\"819\" height=\"1024\" data-id=\"5699\" src=\"https:\/\/vecinosdelinterior.com\/wp-content\/uploads\/2025\/10\/565740911_122234964944144801_5305063186710037553_n-819x1024.jpg\" alt=\"\" class=\"wp-image-5699\" srcset=\"https:\/\/vecinosdelinterior.com\/wp-content\/uploads\/2025\/10\/565740911_122234964944144801_5305063186710037553_n-819x1024.jpg 819w, https:\/\/vecinosdelinterior.com\/wp-content\/uploads\/2025\/10\/565740911_122234964944144801_5305063186710037553_n-240x300.jpg 240w, https:\/\/vecinosdelinterior.com\/wp-content\/uploads\/2025\/10\/565740911_122234964944144801_5305063186710037553_n-768x960.jpg 768w, https:\/\/vecinosdelinterior.com\/wp-content\/uploads\/2025\/10\/565740911_122234964944144801_5305063186710037553_n-750x938.jpg 750w, https:\/\/vecinosdelinterior.com\/wp-content\/uploads\/2025\/10\/565740911_122234964944144801_5305063186710037553_n.jpg 1080w\" sizes=\"(max-width: 819px) 100vw, 819px\" \/><\/figure>\n\n\n\n<figure class=\"wp-block-image size-large\"><img decoding=\"async\" width=\"819\" height=\"1024\" data-id=\"5698\" src=\"https:\/\/vecinosdelinterior.com\/wp-content\/uploads\/2025\/10\/FIESTA-LOS-MEDANOS-1-819x1024.jpg\" alt=\"\" class=\"wp-image-5698\" srcset=\"https:\/\/vecinosdelinterior.com\/wp-content\/uploads\/2025\/10\/FIESTA-LOS-MEDANOS-1-819x1024.jpg 819w, https:\/\/vecinosdelinterior.com\/wp-content\/uploads\/2025\/10\/FIESTA-LOS-MEDANOS-1-240x300.jpg 240w, https:\/\/vecinosdelinterior.com\/wp-content\/uploads\/2025\/10\/FIESTA-LOS-MEDANOS-1-768x960.jpg 768w, https:\/\/vecinosdelinterior.com\/wp-content\/uploads\/2025\/10\/FIESTA-LOS-MEDANOS-1-750x938.jpg 750w, https:\/\/vecinosdelinterior.com\/wp-content\/uploads\/2025\/10\/FIESTA-LOS-MEDANOS-1.jpg 1080w\" sizes=\"(max-width: 819px) 100vw, 819px\" \/><\/figure>\n\n\n\n<figure class=\"wp-block-image size-large\"><img decoding=\"async\" width=\"812\" height=\"1024\" data-id=\"5697\" src=\"https:\/\/vecinosdelinterior.com\/wp-content\/uploads\/2025\/10\/WhatsApp-Image-2025-10-29-at-11.44.27-AM-812x1024.jpeg\" alt=\"\" class=\"wp-image-5697\" srcset=\"https:\/\/vecinosdelinterior.com\/wp-content\/uploads\/2025\/10\/WhatsApp-Image-2025-10-29-at-11.44.27-AM-812x1024.jpeg 812w, https:\/\/vecinosdelinterior.com\/wp-content\/uploads\/2025\/10\/WhatsApp-Image-2025-10-29-at-11.44.27-AM-238x300.jpeg 238w, https:\/\/vecinosdelinterior.com\/wp-content\/uploads\/2025\/10\/WhatsApp-Image-2025-10-29-at-11.44.27-AM-768x969.jpeg 768w, https:\/\/vecinosdelinterior.com\/wp-content\/uploads\/2025\/10\/WhatsApp-Image-2025-10-29-at-11.44.27-AM-750x946.jpeg 750w, https:\/\/vecinosdelinterior.com\/wp-content\/uploads\/2025\/10\/WhatsApp-Image-2025-10-29-at-11.44.27-AM.jpeg 1080w\" sizes=\"(max-width: 812px) 100vw, 812px\" \/><\/figure>\n\n\n\n<figure class=\"wp-block-image size-large\"><img loading=\"lazy\" decoding=\"async\" width=\"593\" height=\"735\" data-id=\"5696\" src=\"https:\/\/vecinosdelinterior.com\/wp-content\/uploads\/2025\/10\/FIESTA-LOS-MEDANOS-10.jpeg\" alt=\"\" class=\"wp-image-5696\" srcset=\"https:\/\/vecinosdelinterior.com\/wp-content\/uploads\/2025\/10\/FIESTA-LOS-MEDANOS-10.jpeg 593w, https:\/\/vecinosdelinterior.com\/wp-content\/uploads\/2025\/10\/FIESTA-LOS-MEDANOS-10-242x300.jpeg 242w\" sizes=\"(max-width: 593px) 100vw, 593px\" \/><\/figure>\n<\/figure>\n\n\n\n<p><br>La Fiesta de los M\u00e9danos en Bagual es un ejemplo de c\u00f3mo un pueblo puede integrarse a la pol\u00edtica provincial ofreciendo a los visitantes una experiencia aut\u00e9ntica y c\u00e1lida. Tal actividad merece atenci\u00f3n especial porque constituye el inicio de esta agenda tur\u00edstica, que se concretar\u00e1 los d\u00edas 1 y 2 de noviembre, a prop\u00f3sito del 118 aniversario de la fundaci\u00f3n de la localidad.<br>La Fiesta de Los M\u00e9danos se realiza desde el a\u00f1o 2012. Su caracter\u00edstica principal es la tradici\u00f3n festiva ligada a las costumbres: concursos de empanadas, bailes populares, elecci\u00f3n de reina y actos lit\u00fargicos en la iglesia local. Combina lo simb\u00f3lico (la fundaci\u00f3n del pueblo y su identidad) con lo festivo (artistas, m\u00fasica y danza). Es un punto de contacto directo con la tradici\u00f3n.<br>Bagual es un pueblo del sur de San Luis, emplazado en el departamento Dupuy, de car\u00e1cter agropecuario. Tiene predominio de monte abierto y arbustivo, donde el cald\u00e9n tiene protagonismo. El nombre de la localidad significa \u2018caballo bravo\u2019 o \u2018ind\u00f3mito\u2019 y proviene de un cacique ranquel que habitaba la regi\u00f3n.<br>Agenda de la festividad<br>Durante dos jornadas subir\u00e1n al escenario m\u00fasicos como Nico Galleguillo, Sele Vera, DJ LuchoEn\u00e9 y El Entrevero.<br>Durante el s\u00e1bado 1\u00b0 de Noviembre, las actividades comenzar\u00e1n a las 11:00 con prueba de riendas, concurso de empanadas, pe\u00f1a baile, servicio de cantina y la presentaci\u00f3n de ballets y artistas.<br>El domingo 2 de noviembre, el evento comenzar\u00e1 a las 09:00 y llevar\u00e1 adelante la final de prueba de riendas, jineteada, entrega de premios, servicio de cantina y la actuaci\u00f3n de un payador.<br>Los 50 festivales<br>Esta propuesta abarca festivales de m\u00fasica, danza, tradici\u00f3n, gastronom\u00eda y artesan\u00edas, con la intenci\u00f3n de convertir cada festividad en una puerta de entrada al territorio sanluise\u00f1o. Es un impulso clave para el turismo implementado por el Gobierno de la provincia, que empieza en noviembre y se extender\u00e1 hasta Semana Santa en 2026.<br>Cada festival tiene un papel complementario al turismo, moviliza gente, empleo local, artesanos y productores regionales. Tambi\u00e9n permite que las localidades m\u00e1s peque\u00f1as, no s\u00f3lo los grandes destinos tur\u00edsticos, tengan su momento de visibilidad.<br>Refuerza la identidad cultural de la provincia, la m\u00fasica cuyana, la danza tradicional y las costumbres, que encuentran un escenario propio. Tiene impacto real en la econom\u00eda local, turismo, gastronom\u00eda, actividades de servicio y producci\u00f3n.<\/p>\n","protected":false},"excerpt":{"rendered":"<p>VECINOSDELINTERIOR.COM \/ 30 DE OCTUBRELa Provincia lanz\u00f3 el programa \u201850 Festivales de San Luis\u2019, una iniciativa que articula tradici\u00f3n, turismo y desarrollo econ\u00f3mico local. La propuesta re\u00fane 50 festivales distribuidos a lo largo del calendario 2025-2026 con el fin de dar visibilidad a cada rinc\u00f3n del territorio sanluise\u00f1o.La estrategia de los \u201950 Festivales de San [&hellip;]<\/p>\n","protected":false},"author":1,"featured_media":5699,"comment_status":"open","ping_status":"open","sticky":false,"template":"","format":"standard","meta":{"footnotes":""},"categories":[16],"tags":[391,333],"class_list":["post-5695","post","type-post","status-publish","format-standard","has-post-thumbnail","hentry","category-dupuy","tag-eventos","tag-festivales"],"_links":{"self":[{"href":"https:\/\/vecinosdelinterior.com\/index.php\/wp-json\/wp\/v2\/posts\/5695","targetHints":{"allow":["GET"]}}],"collection":[{"href":"https:\/\/vecinosdelinterior.com\/index.php\/wp-json\/wp\/v2\/posts"}],"about":[{"href":"https:\/\/vecinosdelinterior.com\/index.php\/wp-json\/wp\/v2\/types\/post"}],"author":[{"embeddable":true,"href":"https:\/\/vecinosdelinterior.com\/index.php\/wp-json\/wp\/v2\/users\/1"}],"replies":[{"embeddable":true,"href":"https:\/\/vecinosdelinterior.com\/index.php\/wp-json\/wp\/v2\/comments?post=5695"}],"version-history":[{"count":1,"href":"https:\/\/vecinosdelinterior.com\/index.php\/wp-json\/wp\/v2\/posts\/5695\/revisions"}],"predecessor-version":[{"id":5700,"href":"https:\/\/vecinosdelinterior.com\/index.php\/wp-json\/wp\/v2\/posts\/5695\/revisions\/5700"}],"wp:featuredmedia":[{"embeddable":true,"href":"https:\/\/vecinosdelinterior.com\/index.php\/wp-json\/wp\/v2\/media\/5699"}],"wp:attachment":[{"href":"https:\/\/vecinosdelinterior.com\/index.php\/wp-json\/wp\/v2\/media?parent=5695"}],"wp:term":[{"taxonomy":"category","embeddable":true,"href":"https:\/\/vecinosdelinterior.com\/index.php\/wp-json\/wp\/v2\/categories?post=5695"},{"taxonomy":"post_tag","embeddable":true,"href":"https:\/\/vecinosdelinterior.com\/index.php\/wp-json\/wp\/v2\/tags?post=5695"}],"curies":[{"name":"wp","href":"https:\/\/api.w.org\/{rel}","templated":true}]}}