{"id":57,"date":"2023-07-08T19:35:23","date_gmt":"2023-07-08T22:35:23","guid":{"rendered":"https:\/\/vecinosdelinterior.com\/?p=57"},"modified":"2023-07-08T19:35:23","modified_gmt":"2023-07-08T22:35:23","slug":"la-compania-de-danza-teatro-de-san-francisco-prepara-el-espectaculo-un-arbol-tras-otro","status":"publish","type":"post","link":"https:\/\/vecinosdelinterior.com\/index.php\/2023\/07\/08\/la-compania-de-danza-teatro-de-san-francisco-prepara-el-espectaculo-un-arbol-tras-otro\/","title":{"rendered":"La Compa\u00f1\u00eda de Danza Teatro de San Francisco prepara el espect\u00e1culo \u201cUn \u00e1rbol tras otro\u201d"},"content":{"rendered":"\n<p>En febrero, se realiz\u00f3 la audici\u00f3n para el elenco estable que ya avanz\u00f3 con la formaci\u00f3n intensiva, y, ahora, ensaya con entusiasmo para el gran debut en la localidad. \u201cNos proponemos generar cuadros del monte nativo encarnando una genuina preocupaci\u00f3n e inter\u00e9s grupal en la conservaci\u00f3n y cuidado de este bello lugar que hemos elegido para vivir, desarrollarnos y coexistir\u201d, destac\u00f3 la directora y coordinadora del proyecto, Mai\u00e1 No\u00e9.<\/p>\n\n\n\n<p>Bajo la premisa de construir nuevas obras con identidad, el grupo realiz\u00f3 diversas capacitaciones en el centro cultural local con destacados referentes en distintas disciplinas.<\/p>\n\n\n\n<p>\u201cLa compa\u00f1\u00eda, hasta fines de mayo, transit\u00f3 los \u00faltimos seminarios formativos en t\u00e9cnica vocal, t\u00e9cnica de circo, danza contact improvisaci\u00f3n, danza Butoh, teatro antropol\u00f3gico, para continuar semanalmente con el trabajo de gimnasia regenerativa y las clases de entrenamiento esc\u00e9nico dictadas por m\u00ed\u201d, indic\u00f3 No\u00e9.<\/p>\n\n\n\n<p>\u201cDurante junio y hasta la fecha nos dedicamos de lleno a la composici\u00f3n de la obra. El espect\u00e1culo es el cierre del programa de Residencias Art\u00edsticas del Chutunzo, y la primera obra generada como compa\u00f1\u00eda. Se titula \u2018Un \u00e1rbol tras otro\u2019 y es una composici\u00f3n colectiva. Los textos fueron creaciones de los integrantes en el periodo de residencia y las im\u00e1genes fueron surgidas de improvisaciones e investigaciones propuestas por m\u00ed. Con este proyecto nos proponemos generar cuadros del monte nativo encarnando una genuina preocupaci\u00f3n e inter\u00e9s grupal en la conservaci\u00f3n y cuidado de este bello lugar que hemos elegido para vivir, desarrollarnos y coexistir\u201d, detall\u00f3 la core\u00f3grafa egresada de la Universidad Nacional de las Artes.<\/p>\n\n\n\n<p>Entusiasmo y expectativa en el elenco de San Francisco<\/p>\n\n\n\n<p>\u201cMe siento muy agradecida por tener la oportunidad de formarme y nutrirme en el \u00e1rea de las artes del movimiento. Es muy enriquecedor para m\u00ed poder participar de un proceso creativo y compositivo con una grupalidad y, a la vez, que esa creaci\u00f3n pueda expandirse fomentando la danza y la cultura en el territorio que hoy habito\u201d, consider\u00f3 la artista Mariel Morales, en referencia a esta iniciativa creativa que cuenta con el apoyo del programa \u201cGestionar Futuro\u201d, del Ministerio de Cultura de Naci\u00f3n, en el marco del programa de Residencias Art\u00edsticas del Chutunzo.<\/p>\n\n\n\n<p>\u201cMe siento con mucho impulso de llevar este proyecto adelante y que sea reconocido por los habitantes de este territorio. Es un trabajo muy bello el que estamos haciendo\u201d, agreg\u00f3 su compa\u00f1era Mayra Sof\u00eda Potenza.<\/p>\n\n\n\n<p>\u201cEs un espacio de intercambio del arte con el territorio. La presencia de talleristas de la provincia colabor\u00f3 para la construcci\u00f3n de la obra, que refleja paisajes a trav\u00e9s del cuerpo. La propuesta de valorar cuerpos y habilidades distintas y buscar una po\u00e9tica que una el grupo es un gran desaf\u00edo, que est\u00e1 siendo logrado con mucha dedicaci\u00f3n y entrenamiento\u201d, expres\u00f3 la actriz Thais Folk.<\/p>\n\n\n\n<p>\u201cMe siento feliz de pertenecer a esta compa\u00f1\u00eda y del hermoso grupo que se form\u00f3. De poder mostrar este bello trabajo que fuimos creando, a lo largo de estos meses de arduo trabajo corporal y compositivo; de compromiso grupal e individual de cada integrante; y de gran formaci\u00f3n art\u00edstica, desde cada uno de los talleres, seminarios y ensayos. A nosotros nos ha atravesado sentimental y emotivamente esta exploraci\u00f3n del replanteo del accionar humano desde otra mirada. Espero que nuestro trabajo logre tocar la fibra de cada espectador\u201d, indic\u00f3 la artista Ver\u00f3nica Tomasczik Ares.<\/p>\n\n\n\n<p>\u201cMe siento muy afortunado de tener esta oportunidad de seguir aprendiendo nuevas formas de expresi\u00f3n art\u00edstica y trabajo grupal. El p\u00fablico de San Francisco lo necesita para seguir siendo un polo cultural\u201d, sostuvo el bailar\u00edn Laureano L\u00f3pez.<\/p>\n\n\n\n<p>\u201cMe siento feliz y afortunado de estar en la compa\u00f1\u00eda, donde puedo expresarme a trav\u00e9s de la danza, con muy buenos compa\u00f1eros, donde puedo aprender nuevas formas de ver la danza y expresarme de otra forma\u201d, destac\u00f3 Callhue Facundo Tomasczik.<\/p>\n\n\n\n<p>El elenco afina detalles durante esta etapa final y sue\u00f1a con un gran estreno para fines de este mes o principios de agosto. Pronto, las luces se encender\u00e1n en el flamante escenario y los artistas desplegar\u00e1n toda su pasi\u00f3n, luego de intensos meses de b\u00fasquedas creativas para despertar conciencia e invitar al p\u00fablico a reflexionar sobre el cuidado del entorno natural.<\/p>\n","protected":false},"excerpt":{"rendered":"<p>En febrero, se realiz\u00f3 la audici\u00f3n para el elenco estable que ya avanz\u00f3 con la formaci\u00f3n intensiva, y, ahora, ensaya con entusiasmo para el gran debut en la localidad. \u201cNos proponemos generar cuadros del monte nativo encarnando una genuina preocupaci\u00f3n e inter\u00e9s grupal en la conservaci\u00f3n y cuidado de este bello lugar que hemos elegido [&hellip;]<\/p>\n","protected":false},"author":1,"featured_media":58,"comment_status":"open","ping_status":"open","sticky":false,"template":"","format":"standard","meta":{"footnotes":""},"categories":[8,9],"tags":[11,28],"class_list":["post-57","post","type-post","status-publish","format-standard","has-post-thumbnail","hentry","category-ayacucho","category-san-francisco","tag-san-francisco","tag-teatro"],"_links":{"self":[{"href":"https:\/\/vecinosdelinterior.com\/index.php\/wp-json\/wp\/v2\/posts\/57","targetHints":{"allow":["GET"]}}],"collection":[{"href":"https:\/\/vecinosdelinterior.com\/index.php\/wp-json\/wp\/v2\/posts"}],"about":[{"href":"https:\/\/vecinosdelinterior.com\/index.php\/wp-json\/wp\/v2\/types\/post"}],"author":[{"embeddable":true,"href":"https:\/\/vecinosdelinterior.com\/index.php\/wp-json\/wp\/v2\/users\/1"}],"replies":[{"embeddable":true,"href":"https:\/\/vecinosdelinterior.com\/index.php\/wp-json\/wp\/v2\/comments?post=57"}],"version-history":[{"count":1,"href":"https:\/\/vecinosdelinterior.com\/index.php\/wp-json\/wp\/v2\/posts\/57\/revisions"}],"predecessor-version":[{"id":59,"href":"https:\/\/vecinosdelinterior.com\/index.php\/wp-json\/wp\/v2\/posts\/57\/revisions\/59"}],"wp:featuredmedia":[{"embeddable":true,"href":"https:\/\/vecinosdelinterior.com\/index.php\/wp-json\/wp\/v2\/media\/58"}],"wp:attachment":[{"href":"https:\/\/vecinosdelinterior.com\/index.php\/wp-json\/wp\/v2\/media?parent=57"}],"wp:term":[{"taxonomy":"category","embeddable":true,"href":"https:\/\/vecinosdelinterior.com\/index.php\/wp-json\/wp\/v2\/categories?post=57"},{"taxonomy":"post_tag","embeddable":true,"href":"https:\/\/vecinosdelinterior.com\/index.php\/wp-json\/wp\/v2\/tags?post=57"}],"curies":[{"name":"wp","href":"https:\/\/api.w.org\/{rel}","templated":true}]}}