{"id":5705,"date":"2025-10-30T09:42:00","date_gmt":"2025-10-30T12:42:00","guid":{"rendered":"https:\/\/vecinosdelinterior.com\/?p=5705"},"modified":"2025-10-30T14:43:30","modified_gmt":"2025-10-30T17:43:30","slug":"castaneda-asumio-como-intendenta-comisionada-de-fortin-el-patria","status":"publish","type":"post","link":"https:\/\/vecinosdelinterior.com\/index.php\/2025\/10\/30\/castaneda-asumio-como-intendenta-comisionada-de-fortin-el-patria\/","title":{"rendered":"Casta\u00f1eda asumi\u00f3 como intendenta comisionada de Fort\u00edn El Patria"},"content":{"rendered":"\n<p>VECINOSDELINTERIOR.COM \/ 30 DE OCTUBRE<br>En un acto realizado este mi\u00e9rcoles a las 17:00 en la sede municipal de la localidad del departamento Dupuy, Viviana Anah\u00ed Casta\u00f1eda asumi\u00f3 como intendenta comisionada de Fort\u00edn El Patria, completando as\u00ed el proceso de transici\u00f3n institucional iniciado tras el fallecimiento del intendente Diego Gatica.<br>La ceremonia se llev\u00f3 a cabo en presencia de autoridades provinciales y locales, formalizando el traspaso de mando que garantiza la continuidad del Gobierno municipal hasta el final del mandato constitucional que se cumplir\u00e1 en 10 de diciembre de 2027.<br>El proceso se hab\u00eda iniciado este lunes, cuando Casta\u00f1eda fue recibida por el ministro de Gobierno, Gonzalo Amondarain, para establecer los procedimientos correspondientes.<br>\u201cTras el lamentable suceso, les transmito las condolencias del se\u00f1or Gobernador y a los efectos de garantizar la continuidad de la vida institucional de la localidad de Fort\u00edn El Patria, hemos mantenido una reuni\u00f3n con la se\u00f1ora Anah\u00ed Casta\u00f1eda, quien asume el cargo hasta el final del mandato constitucional\u201d, explic\u00f3 Amondarain.<br>La asunci\u00f3n de Casta\u00f1eda se fundamenta en el art\u00edculo 251 de la Constituci\u00f3n Provincial, que establece que, en caso de vacancia definitiva del intendente comisionado, corresponde que asuma quien haya sido electa\/o como intendente comisionado suplente. Casta\u00f1eda fue elegida en junio de 2023 como compa\u00f1era de f\u00f3rmula de Diego Gatica.<br>La jueza de paz, con competencia territorial en Fort\u00edn El Patria, doctora Dalia Rivero, ley\u00f3 el acta de puesta en funci\u00f3n; y adem\u00e1s participaron el asesor legal ministerial, Valent\u00edn Laborda Claverie; de la direcci\u00f3n de Asuntos Municipales, Natalia Moreno y la secretaria de Gobierno de Fort\u00edn, Daniela Morichetti; familiares y vecinos.<\/p>\n\n\n\n<figure class=\"wp-block-image size-large\"><img fetchpriority=\"high\" decoding=\"async\" width=\"1024\" height=\"683\" src=\"https:\/\/vecinosdelinterior.com\/wp-content\/uploads\/2025\/10\/571350886_689944750822881_8110119229803492118_n-1024x683.jpg\" alt=\"\" class=\"wp-image-5706\" srcset=\"https:\/\/vecinosdelinterior.com\/wp-content\/uploads\/2025\/10\/571350886_689944750822881_8110119229803492118_n-1024x683.jpg 1024w, https:\/\/vecinosdelinterior.com\/wp-content\/uploads\/2025\/10\/571350886_689944750822881_8110119229803492118_n-300x200.jpg 300w, https:\/\/vecinosdelinterior.com\/wp-content\/uploads\/2025\/10\/571350886_689944750822881_8110119229803492118_n-768x512.jpg 768w, https:\/\/vecinosdelinterior.com\/wp-content\/uploads\/2025\/10\/571350886_689944750822881_8110119229803492118_n-1536x1025.jpg 1536w, https:\/\/vecinosdelinterior.com\/wp-content\/uploads\/2025\/10\/571350886_689944750822881_8110119229803492118_n-750x500.jpg 750w, https:\/\/vecinosdelinterior.com\/wp-content\/uploads\/2025\/10\/571350886_689944750822881_8110119229803492118_n-1140x760.jpg 1140w, https:\/\/vecinosdelinterior.com\/wp-content\/uploads\/2025\/10\/571350886_689944750822881_8110119229803492118_n.jpg 2048w\" sizes=\"(max-width: 1024px) 100vw, 1024px\" \/><\/figure>\n","protected":false},"excerpt":{"rendered":"<p>VECINOSDELINTERIOR.COM \/ 30 DE OCTUBREEn un acto realizado este mi\u00e9rcoles a las 17:00 en la sede municipal de la localidad del departamento Dupuy, Viviana Anah\u00ed Casta\u00f1eda asumi\u00f3 como intendenta comisionada de Fort\u00edn El Patria, completando as\u00ed el proceso de transici\u00f3n institucional iniciado tras el fallecimiento del intendente Diego Gatica.La ceremonia se llev\u00f3 a cabo en [&hellip;]<\/p>\n","protected":false},"author":1,"featured_media":5706,"comment_status":"open","ping_status":"open","sticky":false,"template":"","format":"standard","meta":{"footnotes":""},"categories":[16],"tags":[510,492],"class_list":["post-5705","post","type-post","status-publish","format-standard","has-post-thumbnail","hentry","category-dupuy","tag-fortin-el-patria","tag-politica"],"_links":{"self":[{"href":"https:\/\/vecinosdelinterior.com\/index.php\/wp-json\/wp\/v2\/posts\/5705","targetHints":{"allow":["GET"]}}],"collection":[{"href":"https:\/\/vecinosdelinterior.com\/index.php\/wp-json\/wp\/v2\/posts"}],"about":[{"href":"https:\/\/vecinosdelinterior.com\/index.php\/wp-json\/wp\/v2\/types\/post"}],"author":[{"embeddable":true,"href":"https:\/\/vecinosdelinterior.com\/index.php\/wp-json\/wp\/v2\/users\/1"}],"replies":[{"embeddable":true,"href":"https:\/\/vecinosdelinterior.com\/index.php\/wp-json\/wp\/v2\/comments?post=5705"}],"version-history":[{"count":1,"href":"https:\/\/vecinosdelinterior.com\/index.php\/wp-json\/wp\/v2\/posts\/5705\/revisions"}],"predecessor-version":[{"id":5707,"href":"https:\/\/vecinosdelinterior.com\/index.php\/wp-json\/wp\/v2\/posts\/5705\/revisions\/5707"}],"wp:featuredmedia":[{"embeddable":true,"href":"https:\/\/vecinosdelinterior.com\/index.php\/wp-json\/wp\/v2\/media\/5706"}],"wp:attachment":[{"href":"https:\/\/vecinosdelinterior.com\/index.php\/wp-json\/wp\/v2\/media?parent=5705"}],"wp:term":[{"taxonomy":"category","embeddable":true,"href":"https:\/\/vecinosdelinterior.com\/index.php\/wp-json\/wp\/v2\/categories?post=5705"},{"taxonomy":"post_tag","embeddable":true,"href":"https:\/\/vecinosdelinterior.com\/index.php\/wp-json\/wp\/v2\/tags?post=5705"}],"curies":[{"name":"wp","href":"https:\/\/api.w.org\/{rel}","templated":true}]}}