{"id":5723,"date":"2025-11-04T16:29:26","date_gmt":"2025-11-04T19:29:26","guid":{"rendered":"https:\/\/vecinosdelinterior.com\/?p=5723"},"modified":"2025-11-05T14:29:43","modified_gmt":"2025-11-05T17:29:43","slug":"con-fondos-municipales-buena-esperanza-celebra-su-47a-fiesta-provincial-de-la-tradicion","status":"publish","type":"post","link":"https:\/\/vecinosdelinterior.com\/index.php\/2025\/11\/04\/con-fondos-municipales-buena-esperanza-celebra-su-47a-fiesta-provincial-de-la-tradicion\/","title":{"rendered":"Con fondos municipales, Buena Esperanza celebra su 47\u00aa Fiesta Provincial de la Tradici\u00f3n"},"content":{"rendered":"\n<p><\/p>\n\n\n\n<p>Buena Esperanza se prepara para vivir una nueva edici\u00f3n de una de las celebraciones m\u00e1s representativas de la provincia. Del 7 al 9 de noviembre, la 47\u00aa Fiesta Provincial de la Tradici\u00f3n reunir\u00e1 m\u00fasica, cultura y comunidad en distintos espacios de la localidad.<\/p>\n\n\n\n<p>Por segundo a\u00f1o consecutivo, el festival se desarrollar\u00e1 en la Plaza Sarmiento, buscando potenciar el movimiento local, fortalecer la econom\u00eda de emprendedores, comercios y gastron\u00f3micos, y fomentar la participaci\u00f3n de instituciones y vecinos.<\/p>\n\n\n\n<p>\u201cMuchas veces, al realizarse en el Sal\u00f3n de Cultura, ese movimiento se ve\u00eda limitado. Hoy buscamos que la fiesta est\u00e9 viva en las calles, en contacto con la gente, con los emprendedores y con quienes nos visitan\u201d, destac\u00f3 la intendenta Sof\u00eda Larroud\u00e9.<\/p>\n\n\n\n<p>La programaci\u00f3n incluye propuestas para toda la familia, entre ellas la Expo Tradici\u00f3n, la Feria de Emprendedores, el Desfile de la Tradici\u00f3n, la marat\u00f3n y las actividades de doma en el Campo de Doma \u201cMatunguito Rozandal\u201d. El cierre ser\u00e1 con una gran jineteada y la actuaci\u00f3n de artistas locales y nacionales, entre ellos Los Cantores del Alba, Trashumantes, Los Aventureros, Los Huarpes Hoy y Grupo Menta.<\/p>\n\n\n\n<p>La jefa comunal tambi\u00e9n subray\u00f3 el esfuerzo que implica sostener un evento de esta magnitud con recursos exclusivamente municipales<strong>. \u201cLamentamos profundamente que la Fiesta Provincial de la Tradici\u00f3n no haya sido incluida dentro de la grilla de los 50 festivales de la provincia, porque representa no solo nuestra identidad, sino el trabajo y la perseverancia de toda una comunidad que la ha mantenido viva durante 47 a\u00f1os\u201d<\/strong>, se\u00f1al\u00f3.<\/p>\n\n\n\n<p>Considerada una de las pocas celebraciones del pa\u00eds que se ha mantenido ininterrumpida \u2014incluso durante la pandemia\u2014, la Fiesta Provincial de la Tradici\u00f3n vuelve a consolidarse como un punto de encuentro que celebra la historia, la cultura y las ra\u00edces de Buena Esperanza y de toda la regi\u00f3n.<\/p>\n\n\n\n<figure class=\"wp-block-gallery has-nested-images columns-default is-cropped wp-block-gallery-1 is-layout-flex wp-block-gallery-is-layout-flex\">\n<figure class=\"wp-block-image size-large\"><img fetchpriority=\"high\" decoding=\"async\" width=\"819\" height=\"1024\" data-id=\"5725\" src=\"https:\/\/vecinosdelinterior.com\/wp-content\/uploads\/2025\/11\/WhatsApp-Image-2025-11-04-at-1.46.45-PM-3-819x1024.jpeg\" alt=\"\" class=\"wp-image-5725\" srcset=\"https:\/\/vecinosdelinterior.com\/wp-content\/uploads\/2025\/11\/WhatsApp-Image-2025-11-04-at-1.46.45-PM-3-819x1024.jpeg 819w, https:\/\/vecinosdelinterior.com\/wp-content\/uploads\/2025\/11\/WhatsApp-Image-2025-11-04-at-1.46.45-PM-3-240x300.jpeg 240w, https:\/\/vecinosdelinterior.com\/wp-content\/uploads\/2025\/11\/WhatsApp-Image-2025-11-04-at-1.46.45-PM-3-768x960.jpeg 768w, https:\/\/vecinosdelinterior.com\/wp-content\/uploads\/2025\/11\/WhatsApp-Image-2025-11-04-at-1.46.45-PM-3-750x938.jpeg 750w, https:\/\/vecinosdelinterior.com\/wp-content\/uploads\/2025\/11\/WhatsApp-Image-2025-11-04-at-1.46.45-PM-3.jpeg 1080w\" sizes=\"(max-width: 819px) 100vw, 819px\" \/><\/figure>\n\n\n\n<figure class=\"wp-block-image size-large\"><img decoding=\"async\" width=\"819\" height=\"1024\" data-id=\"5726\" src=\"https:\/\/vecinosdelinterior.com\/wp-content\/uploads\/2025\/11\/WhatsApp-Image-2025-11-04-at-1.46.45-PM-1-819x1024.jpeg\" alt=\"\" class=\"wp-image-5726\" srcset=\"https:\/\/vecinosdelinterior.com\/wp-content\/uploads\/2025\/11\/WhatsApp-Image-2025-11-04-at-1.46.45-PM-1-819x1024.jpeg 819w, https:\/\/vecinosdelinterior.com\/wp-content\/uploads\/2025\/11\/WhatsApp-Image-2025-11-04-at-1.46.45-PM-1-240x300.jpeg 240w, https:\/\/vecinosdelinterior.com\/wp-content\/uploads\/2025\/11\/WhatsApp-Image-2025-11-04-at-1.46.45-PM-1-768x960.jpeg 768w, https:\/\/vecinosdelinterior.com\/wp-content\/uploads\/2025\/11\/WhatsApp-Image-2025-11-04-at-1.46.45-PM-1-750x938.jpeg 750w, https:\/\/vecinosdelinterior.com\/wp-content\/uploads\/2025\/11\/WhatsApp-Image-2025-11-04-at-1.46.45-PM-1.jpeg 1080w\" sizes=\"(max-width: 819px) 100vw, 819px\" \/><\/figure>\n\n\n\n<figure class=\"wp-block-image size-large\"><img decoding=\"async\" width=\"819\" height=\"1024\" data-id=\"5724\" src=\"https:\/\/vecinosdelinterior.com\/wp-content\/uploads\/2025\/11\/WhatsApp-Image-2025-11-04-at-1.46.45-PM-819x1024.jpeg\" alt=\"\" class=\"wp-image-5724\" srcset=\"https:\/\/vecinosdelinterior.com\/wp-content\/uploads\/2025\/11\/WhatsApp-Image-2025-11-04-at-1.46.45-PM-819x1024.jpeg 819w, https:\/\/vecinosdelinterior.com\/wp-content\/uploads\/2025\/11\/WhatsApp-Image-2025-11-04-at-1.46.45-PM-240x300.jpeg 240w, https:\/\/vecinosdelinterior.com\/wp-content\/uploads\/2025\/11\/WhatsApp-Image-2025-11-04-at-1.46.45-PM-768x960.jpeg 768w, https:\/\/vecinosdelinterior.com\/wp-content\/uploads\/2025\/11\/WhatsApp-Image-2025-11-04-at-1.46.45-PM-750x938.jpeg 750w, https:\/\/vecinosdelinterior.com\/wp-content\/uploads\/2025\/11\/WhatsApp-Image-2025-11-04-at-1.46.45-PM.jpeg 1080w\" sizes=\"(max-width: 819px) 100vw, 819px\" \/><\/figure>\n\n\n\n<figure class=\"wp-block-image size-large\"><img loading=\"lazy\" decoding=\"async\" width=\"819\" height=\"1024\" data-id=\"5727\" src=\"https:\/\/vecinosdelinterior.com\/wp-content\/uploads\/2025\/11\/WhatsApp-Image-2025-11-04-at-1.46.45-PM-2-819x1024.jpeg\" alt=\"\" class=\"wp-image-5727\" srcset=\"https:\/\/vecinosdelinterior.com\/wp-content\/uploads\/2025\/11\/WhatsApp-Image-2025-11-04-at-1.46.45-PM-2-819x1024.jpeg 819w, https:\/\/vecinosdelinterior.com\/wp-content\/uploads\/2025\/11\/WhatsApp-Image-2025-11-04-at-1.46.45-PM-2-240x300.jpeg 240w, https:\/\/vecinosdelinterior.com\/wp-content\/uploads\/2025\/11\/WhatsApp-Image-2025-11-04-at-1.46.45-PM-2-768x960.jpeg 768w, https:\/\/vecinosdelinterior.com\/wp-content\/uploads\/2025\/11\/WhatsApp-Image-2025-11-04-at-1.46.45-PM-2-750x938.jpeg 750w, https:\/\/vecinosdelinterior.com\/wp-content\/uploads\/2025\/11\/WhatsApp-Image-2025-11-04-at-1.46.45-PM-2.jpeg 1080w\" sizes=\"(max-width: 819px) 100vw, 819px\" \/><\/figure>\n<\/figure>\n","protected":false},"excerpt":{"rendered":"<p>Buena Esperanza se prepara para vivir una nueva edici\u00f3n de una de las celebraciones m\u00e1s representativas de la provincia. Del 7 al 9 de noviembre, la 47\u00aa Fiesta Provincial de la Tradici\u00f3n reunir\u00e1 m\u00fasica, cultura y comunidad en distintos espacios de la localidad. Por segundo a\u00f1o consecutivo, el festival se desarrollar\u00e1 en la Plaza Sarmiento, [&hellip;]<\/p>\n","protected":false},"author":1,"featured_media":5725,"comment_status":"open","ping_status":"open","sticky":false,"template":"","format":"standard","meta":{"footnotes":""},"categories":[18,16],"tags":[391,333,177,175],"class_list":["post-5723","post","type-post","status-publish","format-standard","has-post-thumbnail","hentry","category-buena-esperanza-dupuy","category-dupuy","tag-eventos","tag-festivales","tag-gestiones-destacadas","tag-turismo"],"_links":{"self":[{"href":"https:\/\/vecinosdelinterior.com\/index.php\/wp-json\/wp\/v2\/posts\/5723","targetHints":{"allow":["GET"]}}],"collection":[{"href":"https:\/\/vecinosdelinterior.com\/index.php\/wp-json\/wp\/v2\/posts"}],"about":[{"href":"https:\/\/vecinosdelinterior.com\/index.php\/wp-json\/wp\/v2\/types\/post"}],"author":[{"embeddable":true,"href":"https:\/\/vecinosdelinterior.com\/index.php\/wp-json\/wp\/v2\/users\/1"}],"replies":[{"embeddable":true,"href":"https:\/\/vecinosdelinterior.com\/index.php\/wp-json\/wp\/v2\/comments?post=5723"}],"version-history":[{"count":2,"href":"https:\/\/vecinosdelinterior.com\/index.php\/wp-json\/wp\/v2\/posts\/5723\/revisions"}],"predecessor-version":[{"id":5729,"href":"https:\/\/vecinosdelinterior.com\/index.php\/wp-json\/wp\/v2\/posts\/5723\/revisions\/5729"}],"wp:featuredmedia":[{"embeddable":true,"href":"https:\/\/vecinosdelinterior.com\/index.php\/wp-json\/wp\/v2\/media\/5725"}],"wp:attachment":[{"href":"https:\/\/vecinosdelinterior.com\/index.php\/wp-json\/wp\/v2\/media?parent=5723"}],"wp:term":[{"taxonomy":"category","embeddable":true,"href":"https:\/\/vecinosdelinterior.com\/index.php\/wp-json\/wp\/v2\/categories?post=5723"},{"taxonomy":"post_tag","embeddable":true,"href":"https:\/\/vecinosdelinterior.com\/index.php\/wp-json\/wp\/v2\/tags?post=5723"}],"curies":[{"name":"wp","href":"https:\/\/api.w.org\/{rel}","templated":true}]}}