{"id":5730,"date":"2025-11-04T11:30:00","date_gmt":"2025-11-04T14:30:00","guid":{"rendered":"https:\/\/vecinosdelinterior.com\/?p=5730"},"modified":"2025-11-04T16:37:20","modified_gmt":"2025-11-04T19:37:20","slug":"invitan-a-la-fiesta-de-apertura-de-la-temporada-turistica-2025-en-lafinur","status":"publish","type":"post","link":"https:\/\/vecinosdelinterior.com\/index.php\/2025\/11\/04\/invitan-a-la-fiesta-de-apertura-de-la-temporada-turistica-2025-en-lafinur\/","title":{"rendered":"Invitan a la fiesta de apertura de la temporada tur\u00edstica 2025 en Lafinur"},"content":{"rendered":"\n<p>Vecinos del Interior Puntano \/ 04 de noviembre<br>La municipalidad de Lafinur invita a todos los vecinos y a visitantes de otras localidades a disfrutar del inicio de la temporada tur\u00edstica 2025 en el balneario municipal, el pr\u00f3ximo s\u00e1bado 8 de noviembre, desde las 20:00. Ser\u00e1 una noche especial con m\u00fasica en vivo, cantina y comidas r\u00e1pidas.<br>En el norte provincial. Lafinur conjuga historia, costumbres agr\u00edcolas y oportunidades para el turismo. Su entorno natural es sencillo: sembrad\u00edos, parajes como \u2018Los Cajones\u2019 (llamado as\u00ed porque el agua del r\u00edo Conlara se reten\u00eda en huecos naturales), y la capilla de Santa Rita de Casia en el paraje La Lomita, que recibe a cientos de peregrinos cada a\u00f1o desde 22 al 25 de mayo. La tradici\u00f3n religiosa tiene su espacio en la festividad de Santa Rita, que congrega p\u00fablico local y de distinto puntos de la regi\u00f3n en mayo. Dichos encuentros combinan devoci\u00f3n, paisajes rurales y gastronom\u00eda regional.<br>Su festividad m\u00e1s destacada es el Festival Provincial de la Alfalfa, que se desarrolla en enero y re\u00fane a la comunidad en torno a la cosecha, ferias y espect\u00e1culos.<\/p>\n\n\n\n<figure class=\"wp-block-image size-large\"><img fetchpriority=\"high\" decoding=\"async\" width=\"819\" height=\"1024\" src=\"https:\/\/vecinosdelinterior.com\/wp-content\/uploads\/2025\/11\/575081171_694229183727771_8385634776780519192_n-819x1024.jpg\" alt=\"\" class=\"wp-image-5731\" srcset=\"https:\/\/vecinosdelinterior.com\/wp-content\/uploads\/2025\/11\/575081171_694229183727771_8385634776780519192_n-819x1024.jpg 819w, https:\/\/vecinosdelinterior.com\/wp-content\/uploads\/2025\/11\/575081171_694229183727771_8385634776780519192_n-240x300.jpg 240w, https:\/\/vecinosdelinterior.com\/wp-content\/uploads\/2025\/11\/575081171_694229183727771_8385634776780519192_n-768x960.jpg 768w, https:\/\/vecinosdelinterior.com\/wp-content\/uploads\/2025\/11\/575081171_694229183727771_8385634776780519192_n-750x938.jpg 750w, https:\/\/vecinosdelinterior.com\/wp-content\/uploads\/2025\/11\/575081171_694229183727771_8385634776780519192_n.jpg 1080w\" sizes=\"(max-width: 819px) 100vw, 819px\" \/><\/figure>\n","protected":false},"excerpt":{"rendered":"<p>Vecinos del Interior Puntano \/ 04 de noviembreLa municipalidad de Lafinur invita a todos los vecinos y a visitantes de otras localidades a disfrutar del inicio de la temporada tur\u00edstica 2025 en el balneario municipal, el pr\u00f3ximo s\u00e1bado 8 de noviembre, desde las 20:00. Ser\u00e1 una noche especial con m\u00fasica en vivo, cantina y comidas [&hellip;]<\/p>\n","protected":false},"author":1,"featured_media":5731,"comment_status":"open","ping_status":"open","sticky":false,"template":"","format":"standard","meta":{"footnotes":""},"categories":[23,187],"tags":[175],"class_list":["post-5730","post","type-post","status-publish","format-standard","has-post-thumbnail","hentry","category-junin","category-lafinur","tag-turismo"],"_links":{"self":[{"href":"https:\/\/vecinosdelinterior.com\/index.php\/wp-json\/wp\/v2\/posts\/5730","targetHints":{"allow":["GET"]}}],"collection":[{"href":"https:\/\/vecinosdelinterior.com\/index.php\/wp-json\/wp\/v2\/posts"}],"about":[{"href":"https:\/\/vecinosdelinterior.com\/index.php\/wp-json\/wp\/v2\/types\/post"}],"author":[{"embeddable":true,"href":"https:\/\/vecinosdelinterior.com\/index.php\/wp-json\/wp\/v2\/users\/1"}],"replies":[{"embeddable":true,"href":"https:\/\/vecinosdelinterior.com\/index.php\/wp-json\/wp\/v2\/comments?post=5730"}],"version-history":[{"count":1,"href":"https:\/\/vecinosdelinterior.com\/index.php\/wp-json\/wp\/v2\/posts\/5730\/revisions"}],"predecessor-version":[{"id":5732,"href":"https:\/\/vecinosdelinterior.com\/index.php\/wp-json\/wp\/v2\/posts\/5730\/revisions\/5732"}],"wp:featuredmedia":[{"embeddable":true,"href":"https:\/\/vecinosdelinterior.com\/index.php\/wp-json\/wp\/v2\/media\/5731"}],"wp:attachment":[{"href":"https:\/\/vecinosdelinterior.com\/index.php\/wp-json\/wp\/v2\/media?parent=5730"}],"wp:term":[{"taxonomy":"category","embeddable":true,"href":"https:\/\/vecinosdelinterior.com\/index.php\/wp-json\/wp\/v2\/categories?post=5730"},{"taxonomy":"post_tag","embeddable":true,"href":"https:\/\/vecinosdelinterior.com\/index.php\/wp-json\/wp\/v2\/tags?post=5730"}],"curies":[{"name":"wp","href":"https:\/\/api.w.org\/{rel}","templated":true}]}}