{"id":5733,"date":"2025-11-04T10:37:00","date_gmt":"2025-11-04T13:37:00","guid":{"rendered":"https:\/\/vecinosdelinterior.com\/?p=5733"},"modified":"2025-11-04T16:38:28","modified_gmt":"2025-11-04T19:38:28","slug":"camion-sanitario-en-el-retamo","status":"publish","type":"post","link":"https:\/\/vecinosdelinterior.com\/index.php\/2025\/11\/04\/camion-sanitario-en-el-retamo\/","title":{"rendered":"Cami\u00f3n Sanitario En El Retamo"},"content":{"rendered":"\n<p>Vecinos del Interior Puntano \/ 04 de noviembre<br>Este mi\u00e9rcoles 5 de noviembre, en la escuela N\u00b0 256 \u201cProvincia de Salta\u201d \u2013 Paraje El Retamo, Dpto. Ayacucho, desde las 9:00 horas, estar\u00e1 el cami\u00f3n Sanitario.<br>Destinado a toda la comunidad, se brindar\u00e1n de manera gratuita los siguientes servicios:<br>\u2705 Medicina en general<br>\u2705 Enfermer\u00eda<br>\u2705 Odontolog\u00eda<br>\u2705 Nutrici\u00f3n<br>\u2705 Obstetricia<br>\u2705 Farmacia<br>\u2705 Fonoaudiolog\u00eda<br>\u2705 Atenci\u00f3n del agente sanitario<br>\ud83d\udc89 Vacunaci\u00f3n<\/p>\n\n\n\n<figure class=\"wp-block-image size-large\"><img fetchpriority=\"high\" decoding=\"async\" width=\"819\" height=\"1024\" src=\"https:\/\/vecinosdelinterior.com\/wp-content\/uploads\/2025\/11\/577254701_694227747061248_3054481925814413255_n-819x1024.jpg\" alt=\"\" class=\"wp-image-5734\" srcset=\"https:\/\/vecinosdelinterior.com\/wp-content\/uploads\/2025\/11\/577254701_694227747061248_3054481925814413255_n-819x1024.jpg 819w, https:\/\/vecinosdelinterior.com\/wp-content\/uploads\/2025\/11\/577254701_694227747061248_3054481925814413255_n-240x300.jpg 240w, https:\/\/vecinosdelinterior.com\/wp-content\/uploads\/2025\/11\/577254701_694227747061248_3054481925814413255_n-768x960.jpg 768w, https:\/\/vecinosdelinterior.com\/wp-content\/uploads\/2025\/11\/577254701_694227747061248_3054481925814413255_n-750x938.jpg 750w, https:\/\/vecinosdelinterior.com\/wp-content\/uploads\/2025\/11\/577254701_694227747061248_3054481925814413255_n.jpg 1080w\" sizes=\"(max-width: 819px) 100vw, 819px\" \/><\/figure>\n","protected":false},"excerpt":{"rendered":"<p>Vecinos del Interior Puntano \/ 04 de noviembreEste mi\u00e9rcoles 5 de noviembre, en la escuela N\u00b0 256 \u201cProvincia de Salta\u201d \u2013 Paraje El Retamo, Dpto. Ayacucho, desde las 9:00 horas, estar\u00e1 el cami\u00f3n Sanitario.Destinado a toda la comunidad, se brindar\u00e1n de manera gratuita los siguientes servicios:\u2705 Medicina en general\u2705 Enfermer\u00eda\u2705 Odontolog\u00eda\u2705 Nutrici\u00f3n\u2705 Obstetricia\u2705 Farmacia\u2705 Fonoaudiolog\u00eda\u2705 [&hellip;]<\/p>\n","protected":false},"author":1,"featured_media":5734,"comment_status":"open","ping_status":"open","sticky":false,"template":"","format":"standard","meta":{"footnotes":""},"categories":[1],"tags":[],"class_list":["post-5733","post","type-post","status-publish","format-standard","has-post-thumbnail","hentry","category-blog"],"_links":{"self":[{"href":"https:\/\/vecinosdelinterior.com\/index.php\/wp-json\/wp\/v2\/posts\/5733","targetHints":{"allow":["GET"]}}],"collection":[{"href":"https:\/\/vecinosdelinterior.com\/index.php\/wp-json\/wp\/v2\/posts"}],"about":[{"href":"https:\/\/vecinosdelinterior.com\/index.php\/wp-json\/wp\/v2\/types\/post"}],"author":[{"embeddable":true,"href":"https:\/\/vecinosdelinterior.com\/index.php\/wp-json\/wp\/v2\/users\/1"}],"replies":[{"embeddable":true,"href":"https:\/\/vecinosdelinterior.com\/index.php\/wp-json\/wp\/v2\/comments?post=5733"}],"version-history":[{"count":1,"href":"https:\/\/vecinosdelinterior.com\/index.php\/wp-json\/wp\/v2\/posts\/5733\/revisions"}],"predecessor-version":[{"id":5735,"href":"https:\/\/vecinosdelinterior.com\/index.php\/wp-json\/wp\/v2\/posts\/5733\/revisions\/5735"}],"wp:featuredmedia":[{"embeddable":true,"href":"https:\/\/vecinosdelinterior.com\/index.php\/wp-json\/wp\/v2\/media\/5734"}],"wp:attachment":[{"href":"https:\/\/vecinosdelinterior.com\/index.php\/wp-json\/wp\/v2\/media?parent=5733"}],"wp:term":[{"taxonomy":"category","embeddable":true,"href":"https:\/\/vecinosdelinterior.com\/index.php\/wp-json\/wp\/v2\/categories?post=5733"},{"taxonomy":"post_tag","embeddable":true,"href":"https:\/\/vecinosdelinterior.com\/index.php\/wp-json\/wp\/v2\/tags?post=5733"}],"curies":[{"name":"wp","href":"https:\/\/api.w.org\/{rel}","templated":true}]}}