{"id":5736,"date":"2025-11-04T09:39:00","date_gmt":"2025-11-04T12:39:00","guid":{"rendered":"https:\/\/vecinosdelinterior.com\/?p=5736"},"modified":"2025-11-04T16:40:26","modified_gmt":"2025-11-04T19:40:26","slug":"encuentro-cuyano-del-morro-todo-el-folclore-regional-en-un-solo-lugar","status":"publish","type":"post","link":"https:\/\/vecinosdelinterior.com\/index.php\/2025\/11\/04\/encuentro-cuyano-del-morro-todo-el-folclore-regional-en-un-solo-lugar\/","title":{"rendered":"Encuentro Cuyano del Morro, todo el folclore regional en un solo lugar"},"content":{"rendered":"\n<p>Vecinos del Interior Puntano \/04 de noviembre<br>Este s\u00e1bado 8 de noviembre, el Polideportivo Municipal de la localidad de San Jos\u00e9 del Morro, ser\u00e1 escenario del Primer Encuentro Cuyano del Morro, una celebraci\u00f3n del folclore cuyano, que tiene por objetivo fortalecer este g\u00e9nero, promover talentos y que el pueblo se consolide como referente cultural. Los artistas emergentes podr\u00e1n participar del certamen \u2018Tonada de Morro\u2019. Se entregar\u00e1n $1.800.000 en premios y entre el p\u00fablico se sortear\u00e1 una moto.<br>Este encuentro que forma parte del calendario cultural de la provincia, pretende consolidarse como un espacio de encuentro para artistas y p\u00fablico de toda la regi\u00f3n. Su objetivo es revalorizar, rescatar y difundir la m\u00fasica cuyana en todas sus expresiones. Participar\u00e1n autores y m\u00fasicos de San Luis y de Cuyo.<br>El evento comenzar\u00e1 a las 20:00 y culminar\u00e1 con la entrega de premios. Participar\u00e1n las categor\u00edas Solista, D\u00fao, Grupo Instrumental y Grupo Vocal.<br>Valor de las entradas: General: $8.000 y Jubilados: $6.000. Los menores de 12 a\u00f1os y las personas con discapacidad no abonan. Con el ticket para ingresar se sortear\u00e1 una moto 110 cero kil\u00f3metro.<br>Premios para el ganador del certamen \u2018Tonada de Morro\u2019<br>Grabar\u00e1 un tema in\u00e9dito en La Casa de la M\u00fasica. Tambi\u00e9n ser\u00e1 incorporado en el Cancionero Provincial, ser\u00e1 inscripto como artista de Turismo y Cultura de la provincia, tendr\u00e1 una participaci\u00f3n en el Festival de la Calle Angosta de Villa Mercedes y ser\u00e1 contratado para participar en la Fiesta de la Empanada Artesanal, que se realiza en El Morro en febrero.<br>Los ganadores ser\u00e1n elegidos por un jurado destacado, integrado por tres artistas con importante trayectoria en la m\u00fasica cuyana, uno de Villa Mercedes y los restantes de otros puntos del pa\u00eds.<br>Para m\u00e1s informaci\u00f3n los interesados pueden comunicarse por Autopista de la Informaci\u00f3n al 2664-452000 internos 8906 y 4314. Por WhatsApp al 2665-127524 o al 2657-635878, o por correo electr\u00f3nico: muni_sjmorro@yahoo.com.ar.<\/p>\n\n\n\n<figure class=\"wp-block-image size-large\"><img fetchpriority=\"high\" decoding=\"async\" width=\"712\" height=\"1024\" src=\"https:\/\/vecinosdelinterior.com\/wp-content\/uploads\/2025\/11\/574366093_694224337061589_3734452480219333360_n-712x1024.jpg\" alt=\"\" class=\"wp-image-5737\" srcset=\"https:\/\/vecinosdelinterior.com\/wp-content\/uploads\/2025\/11\/574366093_694224337061589_3734452480219333360_n-712x1024.jpg 712w, https:\/\/vecinosdelinterior.com\/wp-content\/uploads\/2025\/11\/574366093_694224337061589_3734452480219333360_n-209x300.jpg 209w, https:\/\/vecinosdelinterior.com\/wp-content\/uploads\/2025\/11\/574366093_694224337061589_3734452480219333360_n-768x1104.jpg 768w, https:\/\/vecinosdelinterior.com\/wp-content\/uploads\/2025\/11\/574366093_694224337061589_3734452480219333360_n-1068x1536.jpg 1068w, https:\/\/vecinosdelinterior.com\/wp-content\/uploads\/2025\/11\/574366093_694224337061589_3734452480219333360_n-750x1078.jpg 750w, https:\/\/vecinosdelinterior.com\/wp-content\/uploads\/2025\/11\/574366093_694224337061589_3734452480219333360_n.jpg 1113w\" sizes=\"(max-width: 712px) 100vw, 712px\" \/><\/figure>\n","protected":false},"excerpt":{"rendered":"<p>Vecinos del Interior Puntano \/04 de noviembreEste s\u00e1bado 8 de noviembre, el Polideportivo Municipal de la localidad de San Jos\u00e9 del Morro, ser\u00e1 escenario del Primer Encuentro Cuyano del Morro, una celebraci\u00f3n del folclore cuyano, que tiene por objetivo fortalecer este g\u00e9nero, promover talentos y que el pueblo se consolide como referente cultural. Los artistas [&hellip;]<\/p>\n","protected":false},"author":1,"featured_media":5737,"comment_status":"open","ping_status":"open","sticky":false,"template":"","format":"standard","meta":{"footnotes":""},"categories":[98],"tags":[],"class_list":["post-5736","post","type-post","status-publish","format-standard","has-post-thumbnail","hentry","category-pedernera"],"_links":{"self":[{"href":"https:\/\/vecinosdelinterior.com\/index.php\/wp-json\/wp\/v2\/posts\/5736","targetHints":{"allow":["GET"]}}],"collection":[{"href":"https:\/\/vecinosdelinterior.com\/index.php\/wp-json\/wp\/v2\/posts"}],"about":[{"href":"https:\/\/vecinosdelinterior.com\/index.php\/wp-json\/wp\/v2\/types\/post"}],"author":[{"embeddable":true,"href":"https:\/\/vecinosdelinterior.com\/index.php\/wp-json\/wp\/v2\/users\/1"}],"replies":[{"embeddable":true,"href":"https:\/\/vecinosdelinterior.com\/index.php\/wp-json\/wp\/v2\/comments?post=5736"}],"version-history":[{"count":1,"href":"https:\/\/vecinosdelinterior.com\/index.php\/wp-json\/wp\/v2\/posts\/5736\/revisions"}],"predecessor-version":[{"id":5738,"href":"https:\/\/vecinosdelinterior.com\/index.php\/wp-json\/wp\/v2\/posts\/5736\/revisions\/5738"}],"wp:featuredmedia":[{"embeddable":true,"href":"https:\/\/vecinosdelinterior.com\/index.php\/wp-json\/wp\/v2\/media\/5737"}],"wp:attachment":[{"href":"https:\/\/vecinosdelinterior.com\/index.php\/wp-json\/wp\/v2\/media?parent=5736"}],"wp:term":[{"taxonomy":"category","embeddable":true,"href":"https:\/\/vecinosdelinterior.com\/index.php\/wp-json\/wp\/v2\/categories?post=5736"},{"taxonomy":"post_tag","embeddable":true,"href":"https:\/\/vecinosdelinterior.com\/index.php\/wp-json\/wp\/v2\/tags?post=5736"}],"curies":[{"name":"wp","href":"https:\/\/api.w.org\/{rel}","templated":true}]}}