{"id":5759,"date":"2025-11-06T09:20:00","date_gmt":"2025-11-06T12:20:00","guid":{"rendered":"https:\/\/vecinosdelinterior.com\/?p=5759"},"modified":"2025-11-06T22:20:51","modified_gmt":"2025-11-07T01:20:51","slug":"costumbres-criollas-destreza-y-coraje-en-la-19a-fiesta-del-caballo-y-la-tradicion","status":"publish","type":"post","link":"https:\/\/vecinosdelinterior.com\/index.php\/2025\/11\/06\/costumbres-criollas-destreza-y-coraje-en-la-19a-fiesta-del-caballo-y-la-tradicion\/","title":{"rendered":"Costumbres criollas, destreza y coraje en la 19\u00aa Fiesta del Caballo y la Tradici\u00f3n"},"content":{"rendered":"\n<p>VECINOSDELINTERIOR.COM \/ 06 DE NOVIEMBRE<br>El pr\u00f3ximo domingo 9 de noviembre, Cortaderas ser\u00e1 escenario de la 19\u00aa edici\u00f3n de la Fiesta del Caballo y la Tradici\u00f3n. Desde las 9:00, el predio del Club Juventud se colmar\u00e1 de tropillas, jinetes, agrupaciones gauchas y p\u00fablico para dar vida a una jornada de destrezas criollas, domas, pialadas y folclore.<br>Esta fiesta refuerza la identidad del pueblo y apuesta por la tradici\u00f3n, el turismo rural y el folclore, atrayendo visitantes de diferentes locaciones y dinamizando la econom\u00eda local con alojamientos, gastronom\u00eda y artesan\u00edas. Es la oportunidad para conectar con la vida de campo, el paisaje serrano de San Luis y la autenticidad de una fiesta \u00fanica.<br>Actividades destacadas<br>\u2013 Juegos de rienda, montas especiales, recogida de tropillas y jineteadas cargadas de adrenalina.<br>\u2013 Desfile de agrupaciones gauchas que dan un marco visual y significativo a la fiesta: montados, atav\u00edos tradicionales, caballos criollos.<br>\u2013 Servicio de cantina con comidas t\u00edpicas y feria serrana en ambiente de encuentro familiar.<br>Esta festividad destaca el sentido cultural profundo, la comuni\u00f3n entre caballo, gaucho, p\u00fablico y tradici\u00f3n. Se trata de un acto de conservaci\u00f3n de identidad regional que celebra las ra\u00edces populares, su gente y su tradici\u00f3n con m\u00fasica, destrezas, caballos y danzas. Para obtener m\u00e1s informaci\u00f3n, los interesados pueden comunicarse al n\u00famero 2664-895696 o a las cuentas de Instragram @muni.cortaderas y @turismo.culturaydeportes. La entrada anticipada tiene un costo de $6.000 y en puerta $8.000.<\/p>\n\n\n\n<figure class=\"wp-block-image size-full\"><img fetchpriority=\"high\" decoding=\"async\" width=\"512\" height=\"598\" src=\"https:\/\/vecinosdelinterior.com\/wp-content\/uploads\/2025\/11\/CABALLO-Y-TRADICION-CORTADERAS-1-e1762444618392.jpg\" alt=\"\" class=\"wp-image-5760\" srcset=\"https:\/\/vecinosdelinterior.com\/wp-content\/uploads\/2025\/11\/CABALLO-Y-TRADICION-CORTADERAS-1-e1762444618392.jpg 512w, https:\/\/vecinosdelinterior.com\/wp-content\/uploads\/2025\/11\/CABALLO-Y-TRADICION-CORTADERAS-1-e1762444618392-257x300.jpg 257w\" sizes=\"(max-width: 512px) 100vw, 512px\" \/><\/figure>\n","protected":false},"excerpt":{"rendered":"<p>VECINOSDELINTERIOR.COM \/ 06 DE NOVIEMBREEl pr\u00f3ximo domingo 9 de noviembre, Cortaderas ser\u00e1 escenario de la 19\u00aa edici\u00f3n de la Fiesta del Caballo y la Tradici\u00f3n. Desde las 9:00, el predio del Club Juventud se colmar\u00e1 de tropillas, jinetes, agrupaciones gauchas y p\u00fablico para dar vida a una jornada de destrezas criollas, domas, pialadas y folclore.Esta [&hellip;]<\/p>\n","protected":false},"author":1,"featured_media":5760,"comment_status":"open","ping_status":"open","sticky":false,"template":"","format":"standard","meta":{"footnotes":""},"categories":[29,275],"tags":[],"class_list":["post-5759","post","type-post","status-publish","format-standard","has-post-thumbnail","hentry","category-chacabuco","category-cortaderas"],"_links":{"self":[{"href":"https:\/\/vecinosdelinterior.com\/index.php\/wp-json\/wp\/v2\/posts\/5759","targetHints":{"allow":["GET"]}}],"collection":[{"href":"https:\/\/vecinosdelinterior.com\/index.php\/wp-json\/wp\/v2\/posts"}],"about":[{"href":"https:\/\/vecinosdelinterior.com\/index.php\/wp-json\/wp\/v2\/types\/post"}],"author":[{"embeddable":true,"href":"https:\/\/vecinosdelinterior.com\/index.php\/wp-json\/wp\/v2\/users\/1"}],"replies":[{"embeddable":true,"href":"https:\/\/vecinosdelinterior.com\/index.php\/wp-json\/wp\/v2\/comments?post=5759"}],"version-history":[{"count":1,"href":"https:\/\/vecinosdelinterior.com\/index.php\/wp-json\/wp\/v2\/posts\/5759\/revisions"}],"predecessor-version":[{"id":5761,"href":"https:\/\/vecinosdelinterior.com\/index.php\/wp-json\/wp\/v2\/posts\/5759\/revisions\/5761"}],"wp:featuredmedia":[{"embeddable":true,"href":"https:\/\/vecinosdelinterior.com\/index.php\/wp-json\/wp\/v2\/media\/5760"}],"wp:attachment":[{"href":"https:\/\/vecinosdelinterior.com\/index.php\/wp-json\/wp\/v2\/media?parent=5759"}],"wp:term":[{"taxonomy":"category","embeddable":true,"href":"https:\/\/vecinosdelinterior.com\/index.php\/wp-json\/wp\/v2\/categories?post=5759"},{"taxonomy":"post_tag","embeddable":true,"href":"https:\/\/vecinosdelinterior.com\/index.php\/wp-json\/wp\/v2\/tags?post=5759"}],"curies":[{"name":"wp","href":"https:\/\/api.w.org\/{rel}","templated":true}]}}