{"id":5762,"date":"2025-11-07T11:02:00","date_gmt":"2025-11-07T14:02:00","guid":{"rendered":"https:\/\/vecinosdelinterior.com\/?p=5762"},"modified":"2025-11-07T19:03:08","modified_gmt":"2025-11-07T22:03:08","slug":"se-viene-la-fiesta-provincial-de-la-naranja-2025-lujan","status":"publish","type":"post","link":"https:\/\/vecinosdelinterior.com\/index.php\/2025\/11\/07\/se-viene-la-fiesta-provincial-de-la-naranja-2025-lujan\/","title":{"rendered":"Se viene la Fiesta Provincial de la Naranja 2025 \u2013 Luj\u00e1n"},"content":{"rendered":"\n<p>VECINOSDELINTERIOR.COM \/ 07 DE NOVIEMBRE<br>El pr\u00f3ximo 21 y 22 de noviembre, nuestro pueblo vivir\u00e1 dos noches inolvidables de m\u00fasica, danza, alegr\u00eda y tradici\u00f3n con una nueva edici\u00f3n de la Fiesta Provincial de la Naranja, en el Complejo Deportivo Pol, ubicado en calle Centenario y Eliseo Tello, Luj\u00e1n, San Luis.<br>\ud83d\udcc5 Viernes 21 \u2013 desde las 20:00 hs<br>Luna Muluc \u2013 Ballet Alma Gaucha \u2013 Don Pancracio \u2013 Los Lujaneros \u2013 Julio Pereira \u2013 Escuela de Danza Ra\u00edz en Movimiento \u2013 Los Caminantes Puntanos \u2013 Ballet Estaci\u00f3n Danza \u2013 Decires Cuyanos \u2013 Cantores del Alba \u2013 Los Hermanos Luceros \u2013 Vit\u00edn Martoccia \u2013 Los Tropicales del Norte.<br>\ud83d\udcc5 S\u00e1bado 22 \u2013 desde las 22:00 hs<br>Presentaci\u00f3n Cueca 50 Festivales \u2013 Q Plan \u2013 Los Aut\u00e9nticos Tropicales \u2013 Sim\u00f3n Aguirre \u2013 Renzo Albelo.<br>\ud83d\udc51 Adem\u00e1s, se realizar\u00e1 la elecci\u00f3n de la nueva Reina de la Fiesta Provincial de la Naranja, junto a la pasarela de reinas y reyes invitados, que llenar\u00e1n de brillo y color el escenario principal.<\/p>\n\n\n\n<figure class=\"wp-block-gallery has-nested-images columns-default is-cropped wp-block-gallery-1 is-layout-flex wp-block-gallery-is-layout-flex\">\n<figure class=\"wp-block-image size-large\"><img fetchpriority=\"high\" decoding=\"async\" width=\"472\" height=\"590\" data-id=\"5763\" src=\"https:\/\/vecinosdelinterior.com\/wp-content\/uploads\/2025\/11\/579091216_696613610155995_1603993326469201875_n.jpg\" alt=\"\" class=\"wp-image-5763\" srcset=\"https:\/\/vecinosdelinterior.com\/wp-content\/uploads\/2025\/11\/579091216_696613610155995_1603993326469201875_n.jpg 472w, https:\/\/vecinosdelinterior.com\/wp-content\/uploads\/2025\/11\/579091216_696613610155995_1603993326469201875_n-240x300.jpg 240w\" sizes=\"(max-width: 472px) 100vw, 472px\" \/><\/figure>\n\n\n\n<figure class=\"wp-block-image size-large\"><img decoding=\"async\" width=\"819\" height=\"1024\" data-id=\"5764\" src=\"https:\/\/vecinosdelinterior.com\/wp-content\/uploads\/2025\/11\/578282779_696613593489330_9163068587349758444_n-819x1024.jpg\" alt=\"\" class=\"wp-image-5764\" srcset=\"https:\/\/vecinosdelinterior.com\/wp-content\/uploads\/2025\/11\/578282779_696613593489330_9163068587349758444_n-819x1024.jpg 819w, https:\/\/vecinosdelinterior.com\/wp-content\/uploads\/2025\/11\/578282779_696613593489330_9163068587349758444_n-240x300.jpg 240w, https:\/\/vecinosdelinterior.com\/wp-content\/uploads\/2025\/11\/578282779_696613593489330_9163068587349758444_n-768x960.jpg 768w, https:\/\/vecinosdelinterior.com\/wp-content\/uploads\/2025\/11\/578282779_696613593489330_9163068587349758444_n-750x938.jpg 750w, https:\/\/vecinosdelinterior.com\/wp-content\/uploads\/2025\/11\/578282779_696613593489330_9163068587349758444_n.jpg 1080w\" sizes=\"(max-width: 819px) 100vw, 819px\" \/><\/figure>\n<\/figure>\n","protected":false},"excerpt":{"rendered":"<p>VECINOSDELINTERIOR.COM \/ 07 DE NOVIEMBREEl pr\u00f3ximo 21 y 22 de noviembre, nuestro pueblo vivir\u00e1 dos noches inolvidables de m\u00fasica, danza, alegr\u00eda y tradici\u00f3n con una nueva edici\u00f3n de la Fiesta Provincial de la Naranja, en el Complejo Deportivo Pol, ubicado en calle Centenario y Eliseo Tello, Luj\u00e1n, San Luis.\ud83d\udcc5 Viernes 21 \u2013 desde las 20:00 [&hellip;]<\/p>\n","protected":false},"author":1,"featured_media":5763,"comment_status":"open","ping_status":"open","sticky":false,"template":"","format":"standard","meta":{"footnotes":""},"categories":[8,36],"tags":[391,333],"class_list":["post-5762","post","type-post","status-publish","format-standard","has-post-thumbnail","hentry","category-ayacucho","category-lujan","tag-eventos","tag-festivales"],"_links":{"self":[{"href":"https:\/\/vecinosdelinterior.com\/index.php\/wp-json\/wp\/v2\/posts\/5762","targetHints":{"allow":["GET"]}}],"collection":[{"href":"https:\/\/vecinosdelinterior.com\/index.php\/wp-json\/wp\/v2\/posts"}],"about":[{"href":"https:\/\/vecinosdelinterior.com\/index.php\/wp-json\/wp\/v2\/types\/post"}],"author":[{"embeddable":true,"href":"https:\/\/vecinosdelinterior.com\/index.php\/wp-json\/wp\/v2\/users\/1"}],"replies":[{"embeddable":true,"href":"https:\/\/vecinosdelinterior.com\/index.php\/wp-json\/wp\/v2\/comments?post=5762"}],"version-history":[{"count":1,"href":"https:\/\/vecinosdelinterior.com\/index.php\/wp-json\/wp\/v2\/posts\/5762\/revisions"}],"predecessor-version":[{"id":5765,"href":"https:\/\/vecinosdelinterior.com\/index.php\/wp-json\/wp\/v2\/posts\/5762\/revisions\/5765"}],"wp:featuredmedia":[{"embeddable":true,"href":"https:\/\/vecinosdelinterior.com\/index.php\/wp-json\/wp\/v2\/media\/5763"}],"wp:attachment":[{"href":"https:\/\/vecinosdelinterior.com\/index.php\/wp-json\/wp\/v2\/media?parent=5762"}],"wp:term":[{"taxonomy":"category","embeddable":true,"href":"https:\/\/vecinosdelinterior.com\/index.php\/wp-json\/wp\/v2\/categories?post=5762"},{"taxonomy":"post_tag","embeddable":true,"href":"https:\/\/vecinosdelinterior.com\/index.php\/wp-json\/wp\/v2\/tags?post=5762"}],"curies":[{"name":"wp","href":"https:\/\/api.w.org\/{rel}","templated":true}]}}