{"id":5766,"date":"2025-11-07T08:03:00","date_gmt":"2025-11-07T11:03:00","guid":{"rendered":"https:\/\/vecinosdelinterior.com\/?p=5766"},"modified":"2025-11-07T19:04:18","modified_gmt":"2025-11-07T22:04:18","slug":"la-escuela-de-rio-grande-celebra-el-dia-de-la-tradicion-con-una-gran-pena","status":"publish","type":"post","link":"https:\/\/vecinosdelinterior.com\/index.php\/2025\/11\/07\/la-escuela-de-rio-grande-celebra-el-dia-de-la-tradicion-con-una-gran-pena\/","title":{"rendered":"La escuela de R\u00edo Grande celebra el D\u00eda de la Tradici\u00f3n con una gran pe\u00f1a"},"content":{"rendered":"\n<p>VECINOSDELINTERIOR.COM \/ 07 DE NOVIEMBRE<br>La Escuela N\u00b0227 \u2018Coronel Pringles\u2019 se prepara para vivir una noche especial con motivo del D\u00eda de la Tradici\u00f3n, el pr\u00f3ximo 7 de noviembre.<br>La convocatoria es abierta a toda la comunidad, con entrada La escuela de R\u00edo Grande celebra el D\u00eda de la Tradici\u00f3n con una gran pe\u00f1a<br><br>Como cierre de la jornada, se presentar\u00e1 Favier Lagos y su grupo, que pondr\u00e1n ritmo a un gran baile popular para despedir la noche a puro folclore y tradici\u00f3n.<br>Las autoridades de la instituci\u00f3n escolar invitan a todas las familias a sumarse y compartir este momento de encuentro y cultura.<\/p>\n\n\n\n<figure class=\"wp-block-image size-full\"><img fetchpriority=\"high\" decoding=\"async\" width=\"505\" height=\"684\" src=\"https:\/\/vecinosdelinterior.com\/wp-content\/uploads\/2025\/11\/578261078_696627153487974_7492559591009885303_n.jpg\" alt=\"\" class=\"wp-image-5767\" srcset=\"https:\/\/vecinosdelinterior.com\/wp-content\/uploads\/2025\/11\/578261078_696627153487974_7492559591009885303_n.jpg 505w, https:\/\/vecinosdelinterior.com\/wp-content\/uploads\/2025\/11\/578261078_696627153487974_7492559591009885303_n-221x300.jpg 221w\" sizes=\"(max-width: 505px) 100vw, 505px\" \/><\/figure>\n","protected":false},"excerpt":{"rendered":"<p>VECINOSDELINTERIOR.COM \/ 07 DE NOVIEMBRELa Escuela N\u00b0227 \u2018Coronel Pringles\u2019 se prepara para vivir una noche especial con motivo del D\u00eda de la Tradici\u00f3n, el pr\u00f3ximo 7 de noviembre.La convocatoria es abierta a toda la comunidad, con entrada La escuela de R\u00edo Grande celebra el D\u00eda de la Tradici\u00f3n con una gran pe\u00f1a Como cierre de [&hellip;]<\/p>\n","protected":false},"author":1,"featured_media":5767,"comment_status":"open","ping_status":"open","sticky":false,"template":"","format":"standard","meta":{"footnotes":""},"categories":[2,199],"tags":[],"class_list":["post-5766","post","type-post","status-publish","format-standard","has-post-thumbnail","hentry","category-pringles","category-rio-grande"],"_links":{"self":[{"href":"https:\/\/vecinosdelinterior.com\/index.php\/wp-json\/wp\/v2\/posts\/5766","targetHints":{"allow":["GET"]}}],"collection":[{"href":"https:\/\/vecinosdelinterior.com\/index.php\/wp-json\/wp\/v2\/posts"}],"about":[{"href":"https:\/\/vecinosdelinterior.com\/index.php\/wp-json\/wp\/v2\/types\/post"}],"author":[{"embeddable":true,"href":"https:\/\/vecinosdelinterior.com\/index.php\/wp-json\/wp\/v2\/users\/1"}],"replies":[{"embeddable":true,"href":"https:\/\/vecinosdelinterior.com\/index.php\/wp-json\/wp\/v2\/comments?post=5766"}],"version-history":[{"count":1,"href":"https:\/\/vecinosdelinterior.com\/index.php\/wp-json\/wp\/v2\/posts\/5766\/revisions"}],"predecessor-version":[{"id":5768,"href":"https:\/\/vecinosdelinterior.com\/index.php\/wp-json\/wp\/v2\/posts\/5766\/revisions\/5768"}],"wp:featuredmedia":[{"embeddable":true,"href":"https:\/\/vecinosdelinterior.com\/index.php\/wp-json\/wp\/v2\/media\/5767"}],"wp:attachment":[{"href":"https:\/\/vecinosdelinterior.com\/index.php\/wp-json\/wp\/v2\/media?parent=5766"}],"wp:term":[{"taxonomy":"category","embeddable":true,"href":"https:\/\/vecinosdelinterior.com\/index.php\/wp-json\/wp\/v2\/categories?post=5766"},{"taxonomy":"post_tag","embeddable":true,"href":"https:\/\/vecinosdelinterior.com\/index.php\/wp-json\/wp\/v2\/tags?post=5766"}],"curies":[{"name":"wp","href":"https:\/\/api.w.org\/{rel}","templated":true}]}}