{"id":5769,"date":"2025-11-07T19:05:32","date_gmt":"2025-11-07T22:05:32","guid":{"rendered":"https:\/\/vecinosdelinterior.com\/?p=5769"},"modified":"2025-11-07T19:05:32","modified_gmt":"2025-11-07T22:05:32","slug":"dos-hombres-fueron-hospitalizados-tras-el-vuelco-de-un-furgon-en-la-autopista-saladillo","status":"publish","type":"post","link":"https:\/\/vecinosdelinterior.com\/index.php\/2025\/11\/07\/dos-hombres-fueron-hospitalizados-tras-el-vuelco-de-un-furgon-en-la-autopista-saladillo\/","title":{"rendered":"Dos hombres fueron hospitalizados tras el vuelco de un furg\u00f3n en la Autopista Saladillo"},"content":{"rendered":"\n<p>Vecinos del Interior Puntano \/ 07 de noviembre<br>Este viernes 7 de noviembre por la ma\u00f1ana, alrededor de las 11:00, se produjo un accidente de tr\u00e1nsito a la altura del kil\u00f3metro 37 de la Autopista Saladillo (ruta provincial 20), a metros de la intersecci\u00f3n con la ruta provincial 31.<br>De acuerdo a las averiguaciones, un hombre de 61 a\u00f1os de edad (con domicilio en Juana Koslay) conduc\u00eda de noreste a suroeste un furg\u00f3n Fiat Ducato en compa\u00f1\u00eda de un hombre de 57 a\u00f1os de edad (con domicilio en San Luis), y en ese sector de la autopista -por razones que se tratan de establecer- perdi\u00f3 el control del veh\u00edculo, el cual cruz\u00f3 el cantero central y termin\u00f3 volcado sobre su lateral izquierdo en la calzada contraria, pr\u00f3ximo a la rotonda de retorno ubicada en ese sitio.<br>Los dos ocupantes del veh\u00edculo fueron asistidos en el lugar por personal m\u00e9dico del sistema p\u00fablico de salud provincial y luego fueron trasladados en ambulancia hacia el Hospital Central \u201cDr. Ram\u00f3n Carrillo\u201d de San Luis para una atenci\u00f3n m\u00e9dica m\u00e1s compleja.<br>En el operativo intervinieron personal de la Unidad Regional de Orden P\u00fablico (UROP) N\u00b0 1, Bomberos Voluntarios de El Volc\u00e1n, Direcci\u00f3n General de Bomberos de la Polic\u00eda, Direcci\u00f3n General de Polic\u00eda Caminera y Seguridad Vial, Comisar\u00eda Distrito 16\u00b0 de La Toma y Polic\u00eda Cient\u00edfica.<\/p>\n\n\n\n<figure class=\"wp-block-gallery has-nested-images columns-default is-cropped wp-block-gallery-1 is-layout-flex wp-block-gallery-is-layout-flex\">\n<figure class=\"wp-block-image size-large\"><img fetchpriority=\"high\" decoding=\"async\" width=\"929\" height=\"656\" data-id=\"5770\" src=\"https:\/\/vecinosdelinterior.com\/wp-content\/uploads\/2025\/11\/579444005_696765773474112_7594657096582653262_n.jpg\" alt=\"\" class=\"wp-image-5770\" srcset=\"https:\/\/vecinosdelinterior.com\/wp-content\/uploads\/2025\/11\/579444005_696765773474112_7594657096582653262_n.jpg 929w, https:\/\/vecinosdelinterior.com\/wp-content\/uploads\/2025\/11\/579444005_696765773474112_7594657096582653262_n-300x212.jpg 300w, https:\/\/vecinosdelinterior.com\/wp-content\/uploads\/2025\/11\/579444005_696765773474112_7594657096582653262_n-768x542.jpg 768w, https:\/\/vecinosdelinterior.com\/wp-content\/uploads\/2025\/11\/579444005_696765773474112_7594657096582653262_n-120x86.jpg 120w, https:\/\/vecinosdelinterior.com\/wp-content\/uploads\/2025\/11\/579444005_696765773474112_7594657096582653262_n-750x530.jpg 750w\" sizes=\"(max-width: 929px) 100vw, 929px\" \/><\/figure>\n\n\n\n<figure class=\"wp-block-image size-large\"><img decoding=\"async\" width=\"1024\" height=\"714\" data-id=\"5771\" src=\"https:\/\/vecinosdelinterior.com\/wp-content\/uploads\/2025\/11\/577452094_696765730140783_6892500566869314165_n-1024x714.jpg\" alt=\"\" class=\"wp-image-5771\" srcset=\"https:\/\/vecinosdelinterior.com\/wp-content\/uploads\/2025\/11\/577452094_696765730140783_6892500566869314165_n-1024x714.jpg 1024w, https:\/\/vecinosdelinterior.com\/wp-content\/uploads\/2025\/11\/577452094_696765730140783_6892500566869314165_n-300x209.jpg 300w, https:\/\/vecinosdelinterior.com\/wp-content\/uploads\/2025\/11\/577452094_696765730140783_6892500566869314165_n-768x536.jpg 768w, https:\/\/vecinosdelinterior.com\/wp-content\/uploads\/2025\/11\/577452094_696765730140783_6892500566869314165_n-1536x1071.jpg 1536w, https:\/\/vecinosdelinterior.com\/wp-content\/uploads\/2025\/11\/577452094_696765730140783_6892500566869314165_n-750x523.jpg 750w, https:\/\/vecinosdelinterior.com\/wp-content\/uploads\/2025\/11\/577452094_696765730140783_6892500566869314165_n-1140x795.jpg 1140w, https:\/\/vecinosdelinterior.com\/wp-content\/uploads\/2025\/11\/577452094_696765730140783_6892500566869314165_n.jpg 1600w\" sizes=\"(max-width: 1024px) 100vw, 1024px\" \/><\/figure>\n<\/figure>\n","protected":false},"excerpt":{"rendered":"<p>Vecinos del Interior Puntano \/ 07 de noviembreEste viernes 7 de noviembre por la ma\u00f1ana, alrededor de las 11:00, se produjo un accidente de tr\u00e1nsito a la altura del kil\u00f3metro 37 de la Autopista Saladillo (ruta provincial 20), a metros de la intersecci\u00f3n con la ruta provincial 31.De acuerdo a las averiguaciones, un hombre de [&hellip;]<\/p>\n","protected":false},"author":1,"featured_media":5771,"comment_status":"open","ping_status":"open","sticky":false,"template":"","format":"standard","meta":{"footnotes":""},"categories":[2],"tags":[],"class_list":["post-5769","post","type-post","status-publish","format-standard","has-post-thumbnail","hentry","category-pringles"],"_links":{"self":[{"href":"https:\/\/vecinosdelinterior.com\/index.php\/wp-json\/wp\/v2\/posts\/5769","targetHints":{"allow":["GET"]}}],"collection":[{"href":"https:\/\/vecinosdelinterior.com\/index.php\/wp-json\/wp\/v2\/posts"}],"about":[{"href":"https:\/\/vecinosdelinterior.com\/index.php\/wp-json\/wp\/v2\/types\/post"}],"author":[{"embeddable":true,"href":"https:\/\/vecinosdelinterior.com\/index.php\/wp-json\/wp\/v2\/users\/1"}],"replies":[{"embeddable":true,"href":"https:\/\/vecinosdelinterior.com\/index.php\/wp-json\/wp\/v2\/comments?post=5769"}],"version-history":[{"count":1,"href":"https:\/\/vecinosdelinterior.com\/index.php\/wp-json\/wp\/v2\/posts\/5769\/revisions"}],"predecessor-version":[{"id":5772,"href":"https:\/\/vecinosdelinterior.com\/index.php\/wp-json\/wp\/v2\/posts\/5769\/revisions\/5772"}],"wp:featuredmedia":[{"embeddable":true,"href":"https:\/\/vecinosdelinterior.com\/index.php\/wp-json\/wp\/v2\/media\/5771"}],"wp:attachment":[{"href":"https:\/\/vecinosdelinterior.com\/index.php\/wp-json\/wp\/v2\/media?parent=5769"}],"wp:term":[{"taxonomy":"category","embeddable":true,"href":"https:\/\/vecinosdelinterior.com\/index.php\/wp-json\/wp\/v2\/categories?post=5769"},{"taxonomy":"post_tag","embeddable":true,"href":"https:\/\/vecinosdelinterior.com\/index.php\/wp-json\/wp\/v2\/tags?post=5769"}],"curies":[{"name":"wp","href":"https:\/\/api.w.org\/{rel}","templated":true}]}}