{"id":5773,"date":"2025-11-09T13:15:01","date_gmt":"2025-11-09T16:15:01","guid":{"rendered":"https:\/\/vecinosdelinterior.com\/?p=5773"},"modified":"2025-11-09T13:15:02","modified_gmt":"2025-11-09T16:15:02","slug":"accidente-en-la-autopista-de-las-serranias-puntanas-un-camion-volco-a-la-altura-del-kilometro-832","status":"publish","type":"post","link":"https:\/\/vecinosdelinterior.com\/index.php\/2025\/11\/09\/accidente-en-la-autopista-de-las-serranias-puntanas-un-camion-volco-a-la-altura-del-kilometro-832\/","title":{"rendered":"Accidente en la Autopista de las Serran\u00edas Puntanas: un cami\u00f3n volc\u00f3 a la altura del kil\u00f3metro 832"},"content":{"rendered":"\n<p>Vecinos del Interior Puntano<br>Pasado el mediod\u00eda de este s\u00e1bado, alrededor de las 11:55, personal de la Subcomisar\u00eda 20\u00b0 de San Ger\u00f3nimo intervino ante un accidente de tr\u00e1nsito ocurrido en el kil\u00f3metro 832 de la Autopista de las Serran\u00edas Puntanas, donde se registr\u00f3 el vuelco de un cami\u00f3n.<br>En el lugar, los efectivos constataron que un cami\u00f3n Ivecco Tector color blanco, con chasis y acoplado, se encontraba sobre la banquina sur-oeste. El veh\u00edculo era conducido por un hombre de 42 a\u00f1os, quien viajaba desde San Luis hacia La Calera, transportando material destinado a Cementos Avellaneda.<br>Afortunadamente, el conductor no sufri\u00f3 lesiones y manifest\u00f3 no requerir asistencia m\u00e9dica. Seg\u00fan su testimonio, el cami\u00f3n presentaba una falla mec\u00e1nica en el sistema de encendido. Indic\u00f3 que, como era habitual, intent\u00f3 reiniciar el motor en movimiento, pero en esta ocasi\u00f3n se activ\u00f3 la traba del volante, lo que le impidi\u00f3 maniobrar y provoc\u00f3 el vuelco del veh\u00edculo.<br>En el lugar trabaj\u00f3 personal policial de la Subcomisar\u00eda 20\u00b0, quienes realizaron tareas preventivas y control del tr\u00e1nsito hasta normalizar la circulaci\u00f3n en la zona.<\/p>\n\n\n\n<figure class=\"wp-block-image size-large\"><img fetchpriority=\"high\" decoding=\"async\" width=\"1024\" height=\"740\" src=\"https:\/\/vecinosdelinterior.com\/wp-content\/uploads\/2025\/11\/577826910_697580516725971_8639576723185996941_n-1024x740.jpg\" alt=\"\" class=\"wp-image-5774\" srcset=\"https:\/\/vecinosdelinterior.com\/wp-content\/uploads\/2025\/11\/577826910_697580516725971_8639576723185996941_n-1024x740.jpg 1024w, https:\/\/vecinosdelinterior.com\/wp-content\/uploads\/2025\/11\/577826910_697580516725971_8639576723185996941_n-300x217.jpg 300w, https:\/\/vecinosdelinterior.com\/wp-content\/uploads\/2025\/11\/577826910_697580516725971_8639576723185996941_n-768x555.jpg 768w, https:\/\/vecinosdelinterior.com\/wp-content\/uploads\/2025\/11\/577826910_697580516725971_8639576723185996941_n-1536x1110.jpg 1536w, https:\/\/vecinosdelinterior.com\/wp-content\/uploads\/2025\/11\/577826910_697580516725971_8639576723185996941_n-120x86.jpg 120w, https:\/\/vecinosdelinterior.com\/wp-content\/uploads\/2025\/11\/577826910_697580516725971_8639576723185996941_n-750x542.jpg 750w, https:\/\/vecinosdelinterior.com\/wp-content\/uploads\/2025\/11\/577826910_697580516725971_8639576723185996941_n-1140x824.jpg 1140w, https:\/\/vecinosdelinterior.com\/wp-content\/uploads\/2025\/11\/577826910_697580516725971_8639576723185996941_n.jpg 1600w\" sizes=\"(max-width: 1024px) 100vw, 1024px\" \/><\/figure>\n","protected":false},"excerpt":{"rendered":"<p>Vecinos del Interior PuntanoPasado el mediod\u00eda de este s\u00e1bado, alrededor de las 11:55, personal de la Subcomisar\u00eda 20\u00b0 de San Ger\u00f3nimo intervino ante un accidente de tr\u00e1nsito ocurrido en el kil\u00f3metro 832 de la Autopista de las Serran\u00edas Puntanas, donde se registr\u00f3 el vuelco de un cami\u00f3n.En el lugar, los efectivos constataron que un cami\u00f3n [&hellip;]<\/p>\n","protected":false},"author":1,"featured_media":5774,"comment_status":"open","ping_status":"open","sticky":false,"template":"","format":"standard","meta":{"footnotes":""},"categories":[92,294],"tags":[],"class_list":["post-5773","post","type-post","status-publish","format-standard","has-post-thumbnail","hentry","category-belgrano","category-la-calera"],"_links":{"self":[{"href":"https:\/\/vecinosdelinterior.com\/index.php\/wp-json\/wp\/v2\/posts\/5773","targetHints":{"allow":["GET"]}}],"collection":[{"href":"https:\/\/vecinosdelinterior.com\/index.php\/wp-json\/wp\/v2\/posts"}],"about":[{"href":"https:\/\/vecinosdelinterior.com\/index.php\/wp-json\/wp\/v2\/types\/post"}],"author":[{"embeddable":true,"href":"https:\/\/vecinosdelinterior.com\/index.php\/wp-json\/wp\/v2\/users\/1"}],"replies":[{"embeddable":true,"href":"https:\/\/vecinosdelinterior.com\/index.php\/wp-json\/wp\/v2\/comments?post=5773"}],"version-history":[{"count":1,"href":"https:\/\/vecinosdelinterior.com\/index.php\/wp-json\/wp\/v2\/posts\/5773\/revisions"}],"predecessor-version":[{"id":5775,"href":"https:\/\/vecinosdelinterior.com\/index.php\/wp-json\/wp\/v2\/posts\/5773\/revisions\/5775"}],"wp:featuredmedia":[{"embeddable":true,"href":"https:\/\/vecinosdelinterior.com\/index.php\/wp-json\/wp\/v2\/media\/5774"}],"wp:attachment":[{"href":"https:\/\/vecinosdelinterior.com\/index.php\/wp-json\/wp\/v2\/media?parent=5773"}],"wp:term":[{"taxonomy":"category","embeddable":true,"href":"https:\/\/vecinosdelinterior.com\/index.php\/wp-json\/wp\/v2\/categories?post=5773"},{"taxonomy":"post_tag","embeddable":true,"href":"https:\/\/vecinosdelinterior.com\/index.php\/wp-json\/wp\/v2\/tags?post=5773"}],"curies":[{"name":"wp","href":"https:\/\/api.w.org\/{rel}","templated":true}]}}