{"id":5776,"date":"2025-11-09T13:16:14","date_gmt":"2025-11-09T16:16:14","guid":{"rendered":"https:\/\/vecinosdelinterior.com\/?p=5776"},"modified":"2025-11-09T13:16:14","modified_gmt":"2025-11-09T16:16:14","slug":"cuatro-personas-resultaron-heridas-tras-el-vuelco-de-un-automovil-en-la-autopista-de-las-serranias-puntanas","status":"publish","type":"post","link":"https:\/\/vecinosdelinterior.com\/index.php\/2025\/11\/09\/cuatro-personas-resultaron-heridas-tras-el-vuelco-de-un-automovil-en-la-autopista-de-las-serranias-puntanas\/","title":{"rendered":"Cuatro personas resultaron heridas tras el vuelco de un autom\u00f3vil en la Autopista de las Serran\u00edas Puntanas"},"content":{"rendered":"\n<p>Durante la madrugada de este s\u00e1bado, alrededor de las 05:20, personal de la Comisar\u00eda Distrito 48\u00b0 de Balde intervino en un accidente de tr\u00e1nsito ocurrido a la altura del kil\u00f3metro 813,5 de la Autopista de las Serran\u00edas Puntanas, en cercan\u00edas del puente de ingreso a la localidad.<br>En el lugar, los efectivos constataron la presencia de un autom\u00f3vil Renault Sandero color gris, que se encontraba sobre la carpeta asf\u00e1ltica ocupando ambos carriles de circulaci\u00f3n en sentido Oeste\u2013Este (Mendoza\u2013San Luis), con su frente orientado hacia el sur.<br>El veh\u00edculo era ocupado por cuatro personas, todas conscientes, aunque en estado de nerviosismo. El conductor, un hombre de 48 a\u00f1os, manifest\u00f3 que circulaban desde La Saladita, Santa Rosa (provincia de Mendoza), cuando por motivos que desconoce perdi\u00f3 el control del rodado, sali\u00f3 de la calzada hacia el cantero central y volc\u00f3, quedando nuevamente sobre la autopista.<br>En el autom\u00f3vil tambi\u00e9n viajaban dos hermanas del conductor, de 46 y 43 a\u00f1os, y su sobrino de 13 a\u00f1os. Personal de Bomberos Voluntarios intervino para rescatar a una de las mujeres, quien fue trasladada de urgencia en ambulancia al Hospital Ram\u00f3n Carrillo. Posteriormente, otra ambulancia asisti\u00f3 a la segunda mujer y al menor, quienes tambi\u00e9n fueron derivados al nosocomio capitalino, mientras que el ni\u00f1o fue atendido en el Hospital Pedi\u00e1trico.<br>El conductor fue posteriormente trasladado por el SEMPRO al Hospital Ram\u00f3n Carrillo debido a dolores en el pecho y lesiones en la pierna derecha. En el lugar trabaj\u00f3 personal de la Divisi\u00f3n Polic\u00eda Cient\u00edfica, realizando las pericias correspondientes.<br>Seg\u00fan se inform\u00f3, la mujer de 46 a\u00f1os sufri\u00f3 fracturas y debi\u00f3 ser intervenida quir\u00fargicamente, encontr\u00e1ndose fuera de peligro. En tanto, el conductor permanece en observaci\u00f3n, y el menor se encuentra en buen estado de salud.<\/p>\n\n\n\n<figure class=\"wp-block-image size-full\"><img fetchpriority=\"high\" decoding=\"async\" width=\"578\" height=\"590\" src=\"https:\/\/vecinosdelinterior.com\/wp-content\/uploads\/2025\/11\/580057786_697582620059094_9013751008612976103_n.jpg\" alt=\"\" class=\"wp-image-5777\" srcset=\"https:\/\/vecinosdelinterior.com\/wp-content\/uploads\/2025\/11\/580057786_697582620059094_9013751008612976103_n.jpg 578w, https:\/\/vecinosdelinterior.com\/wp-content\/uploads\/2025\/11\/580057786_697582620059094_9013751008612976103_n-294x300.jpg 294w\" sizes=\"(max-width: 578px) 100vw, 578px\" \/><\/figure>\n","protected":false},"excerpt":{"rendered":"<p>Durante la madrugada de este s\u00e1bado, alrededor de las 05:20, personal de la Comisar\u00eda Distrito 48\u00b0 de Balde intervino en un accidente de tr\u00e1nsito ocurrido a la altura del kil\u00f3metro 813,5 de la Autopista de las Serran\u00edas Puntanas, en cercan\u00edas del puente de ingreso a la localidad.En el lugar, los efectivos constataron la presencia de [&hellip;]<\/p>\n","protected":false},"author":1,"featured_media":5777,"comment_status":"open","ping_status":"open","sticky":false,"template":"","format":"standard","meta":{"footnotes":""},"categories":[382,12],"tags":[],"class_list":["post-5776","post","type-post","status-publish","format-standard","has-post-thumbnail","hentry","category-balde","category-pueyrredon"],"_links":{"self":[{"href":"https:\/\/vecinosdelinterior.com\/index.php\/wp-json\/wp\/v2\/posts\/5776","targetHints":{"allow":["GET"]}}],"collection":[{"href":"https:\/\/vecinosdelinterior.com\/index.php\/wp-json\/wp\/v2\/posts"}],"about":[{"href":"https:\/\/vecinosdelinterior.com\/index.php\/wp-json\/wp\/v2\/types\/post"}],"author":[{"embeddable":true,"href":"https:\/\/vecinosdelinterior.com\/index.php\/wp-json\/wp\/v2\/users\/1"}],"replies":[{"embeddable":true,"href":"https:\/\/vecinosdelinterior.com\/index.php\/wp-json\/wp\/v2\/comments?post=5776"}],"version-history":[{"count":1,"href":"https:\/\/vecinosdelinterior.com\/index.php\/wp-json\/wp\/v2\/posts\/5776\/revisions"}],"predecessor-version":[{"id":5778,"href":"https:\/\/vecinosdelinterior.com\/index.php\/wp-json\/wp\/v2\/posts\/5776\/revisions\/5778"}],"wp:featuredmedia":[{"embeddable":true,"href":"https:\/\/vecinosdelinterior.com\/index.php\/wp-json\/wp\/v2\/media\/5777"}],"wp:attachment":[{"href":"https:\/\/vecinosdelinterior.com\/index.php\/wp-json\/wp\/v2\/media?parent=5776"}],"wp:term":[{"taxonomy":"category","embeddable":true,"href":"https:\/\/vecinosdelinterior.com\/index.php\/wp-json\/wp\/v2\/categories?post=5776"},{"taxonomy":"post_tag","embeddable":true,"href":"https:\/\/vecinosdelinterior.com\/index.php\/wp-json\/wp\/v2\/tags?post=5776"}],"curies":[{"name":"wp","href":"https:\/\/api.w.org\/{rel}","templated":true}]}}