{"id":578,"date":"2023-08-28T09:53:06","date_gmt":"2023-08-28T12:53:06","guid":{"rendered":"https:\/\/vecinosdelinterior.com\/?p=578"},"modified":"2023-08-28T09:53:06","modified_gmt":"2023-08-28T12:53:06","slug":"una-escuela-de-santa-rosa-llego-a-los-estudios-de-casa-de-la-musica","status":"publish","type":"post","link":"https:\/\/vecinosdelinterior.com\/index.php\/2023\/08\/28\/una-escuela-de-santa-rosa-llego-a-los-estudios-de-casa-de-la-musica\/","title":{"rendered":"Una escuela de Santa Rosa lleg\u00f3 a los estudios de Casa de la M\u00fasica"},"content":{"rendered":"\n<p>Se trata del Centro Educativo N\u00b0 17 \u201cHip\u00f3lito Yrigoyen\u201d de Santa Rosa del Conlara.<\/p>\n\n\n\n<p>La escuela del norte de San Luis conoci\u00f3 por primera vez la Casa de la M\u00fasica con m\u00e1s de 40 alumnos y alumnas de 4to a\u00f1o.<\/p>\n\n\n\n<p>Fernando Charra, docente de la instituci\u00f3n, afirm\u00f3: \u201cMuy contentos de poder visitarlos, estuvo fant\u00e1stico, nos sentimos muy bien recibidos y fundamentalmente la experiencia para los chicos de salir de las cuatro paredes de la escuela\u201d.<\/p>\n\n\n\n<p>La alumna Nuria Aguilar, expres\u00f3: \u201cFue una experiencia muy linda, nos mostraron cosas que nunca hab\u00edamos visto, as\u00ed que muy agradecidos por eso\u201d.<\/p>\n\n\n\n<p>Los t\u00e9cnicos y profesionales mostraron a la instituci\u00f3n, las salas de grabaci\u00f3n, donde escucharon so\u00f1ar el piano y tuvieron la oportunidad de presenciar el ensayo del \u201cEnsamble\u201d, grupo integrado por j\u00f3venes m\u00fasicos de la Escuela Generativa F\u00e9lix M\u00e1ximo Mar\u00eda que funciona en el Molino F\u00e9nix. Adem\u00e1s en otro de los estudios se encontraba grabando su EP, Nahuel Pua con su instrumento llamado \u201cHandpan\u201d. El artista se suma a la visita y toc\u00f3 un tema para ellos.<\/p>\n\n\n\n<figure class=\"wp-block-image size-full\"><img fetchpriority=\"high\" decoding=\"async\" width=\"1020\" height=\"688\" src=\"https:\/\/vecinosdelinterior.com\/wp-content\/uploads\/2023\/08\/a11dc3ac-6bc4-4cfe-9e15-b28b6de76502.jpeg\" alt=\"\" class=\"wp-image-579\" srcset=\"https:\/\/vecinosdelinterior.com\/wp-content\/uploads\/2023\/08\/a11dc3ac-6bc4-4cfe-9e15-b28b6de76502.jpeg 1020w, https:\/\/vecinosdelinterior.com\/wp-content\/uploads\/2023\/08\/a11dc3ac-6bc4-4cfe-9e15-b28b6de76502-300x202.jpeg 300w, https:\/\/vecinosdelinterior.com\/wp-content\/uploads\/2023\/08\/a11dc3ac-6bc4-4cfe-9e15-b28b6de76502-768x518.jpeg 768w, https:\/\/vecinosdelinterior.com\/wp-content\/uploads\/2023\/08\/a11dc3ac-6bc4-4cfe-9e15-b28b6de76502-750x506.jpeg 750w\" sizes=\"(max-width: 1020px) 100vw, 1020px\" \/><\/figure>\n","protected":false},"excerpt":{"rendered":"<p>Se trata del Centro Educativo N\u00b0 17 \u201cHip\u00f3lito Yrigoyen\u201d de Santa Rosa del Conlara. La escuela del norte de San Luis conoci\u00f3 por primera vez la Casa de la M\u00fasica con m\u00e1s de 40 alumnos y alumnas de 4to a\u00f1o. Fernando Charra, docente de la instituci\u00f3n, afirm\u00f3: \u201cMuy contentos de poder visitarlos, estuvo fant\u00e1stico, nos [&hellip;]<\/p>\n","protected":false},"author":1,"featured_media":579,"comment_status":"open","ping_status":"open","sticky":false,"template":"","format":"standard","meta":{"footnotes":""},"categories":[23,45],"tags":[180,48],"class_list":["post-578","post","type-post","status-publish","format-standard","has-post-thumbnail","hentry","category-junin","category-santa-rosa-del-conlara","tag-centro-educativo-n-17-hipolito-yrigoyen","tag-santa-rosa-del-conlara"],"_links":{"self":[{"href":"https:\/\/vecinosdelinterior.com\/index.php\/wp-json\/wp\/v2\/posts\/578","targetHints":{"allow":["GET"]}}],"collection":[{"href":"https:\/\/vecinosdelinterior.com\/index.php\/wp-json\/wp\/v2\/posts"}],"about":[{"href":"https:\/\/vecinosdelinterior.com\/index.php\/wp-json\/wp\/v2\/types\/post"}],"author":[{"embeddable":true,"href":"https:\/\/vecinosdelinterior.com\/index.php\/wp-json\/wp\/v2\/users\/1"}],"replies":[{"embeddable":true,"href":"https:\/\/vecinosdelinterior.com\/index.php\/wp-json\/wp\/v2\/comments?post=578"}],"version-history":[{"count":1,"href":"https:\/\/vecinosdelinterior.com\/index.php\/wp-json\/wp\/v2\/posts\/578\/revisions"}],"predecessor-version":[{"id":580,"href":"https:\/\/vecinosdelinterior.com\/index.php\/wp-json\/wp\/v2\/posts\/578\/revisions\/580"}],"wp:featuredmedia":[{"embeddable":true,"href":"https:\/\/vecinosdelinterior.com\/index.php\/wp-json\/wp\/v2\/media\/579"}],"wp:attachment":[{"href":"https:\/\/vecinosdelinterior.com\/index.php\/wp-json\/wp\/v2\/media?parent=578"}],"wp:term":[{"taxonomy":"category","embeddable":true,"href":"https:\/\/vecinosdelinterior.com\/index.php\/wp-json\/wp\/v2\/categories?post=578"},{"taxonomy":"post_tag","embeddable":true,"href":"https:\/\/vecinosdelinterior.com\/index.php\/wp-json\/wp\/v2\/tags?post=578"}],"curies":[{"name":"wp","href":"https:\/\/api.w.org\/{rel}","templated":true}]}}