{"id":5793,"date":"2025-11-10T10:54:00","date_gmt":"2025-11-10T13:54:00","guid":{"rendered":"https:\/\/vecinosdelinterior.com\/?p=5793"},"modified":"2025-11-10T22:55:35","modified_gmt":"2025-11-11T01:55:35","slug":"recolectaron-mas-de-3-300-kilos-de-cacharros-en-carpinteria","status":"publish","type":"post","link":"https:\/\/vecinosdelinterior.com\/index.php\/2025\/11\/10\/recolectaron-mas-de-3-300-kilos-de-cacharros-en-carpinteria\/","title":{"rendered":"Recolectaron m\u00e1s de 3.300 kilos de cacharros en Carpinter\u00eda"},"content":{"rendered":"\n<p>Vecinos del Interior Puntano \/ 10 de noviembre<br>Junto a la secretar\u00eda de Ambiente y con participaci\u00f3n activa de los vecinos, el Municipio reafirm\u00f3 su compromiso ambiental en busca de evitar riesgos sanitarios.<br>La secretar\u00eda de Ambiente y Desarrollo Sustentable de la Provincia contin\u00faa impulsando acciones locales de saneamiento y gesti\u00f3n de residuos. En la localidad de Carpinter\u00eda, se lograron recolectar 3.360 kilos de materiales durante una nueva jornada de descacharrado.<br>La actividad, organizada por la secretar\u00eda de Ambiente junto al municipio local, tuvo como objetivo prevenir focos de contaminaci\u00f3n y promover h\u00e1bitos sostenibles en la comunidad. Gracias al trabajo articulado entre las \u00e1reas municipales, las instituciones educativas y los equipos t\u00e9cnicos provinciales, lograron una importante participaci\u00f3n vecinal y una recolecci\u00f3n eficiente de residuos voluminosos.<br>Estas jornadas de descacharrado forman parte del Plan Provincial de Gesti\u00f3n Ambiental, que busca mejorar la calidad de vida de los habitantes, reducir los riesgos sanitarios y fortalecer la conciencia ambiental en todo el territorio.<br>Desde la Secretar\u00eda destacaron el compromiso del municipio de Carpinter\u00eda y de los vecinos por sumarse activamente a estas acciones, reafirmando que el trabajo conjunto es clave para construir comunidades m\u00e1s limpias, saludables y sustentables<\/p>\n","protected":false},"excerpt":{"rendered":"<p>Vecinos del Interior Puntano \/ 10 de noviembreJunto a la secretar\u00eda de Ambiente y con participaci\u00f3n activa de los vecinos, el Municipio reafirm\u00f3 su compromiso ambiental en busca de evitar riesgos sanitarios.La secretar\u00eda de Ambiente y Desarrollo Sustentable de la Provincia contin\u00faa impulsando acciones locales de saneamiento y gesti\u00f3n de residuos. En la localidad de [&hellip;]<\/p>\n","protected":false},"author":1,"featured_media":5794,"comment_status":"open","ping_status":"open","sticky":false,"template":"","format":"standard","meta":{"footnotes":""},"categories":[75,23],"tags":[176],"class_list":["post-5793","post","type-post","status-publish","format-standard","has-post-thumbnail","hentry","category-carpinteria","category-junin","tag-medioambiente"],"_links":{"self":[{"href":"https:\/\/vecinosdelinterior.com\/index.php\/wp-json\/wp\/v2\/posts\/5793","targetHints":{"allow":["GET"]}}],"collection":[{"href":"https:\/\/vecinosdelinterior.com\/index.php\/wp-json\/wp\/v2\/posts"}],"about":[{"href":"https:\/\/vecinosdelinterior.com\/index.php\/wp-json\/wp\/v2\/types\/post"}],"author":[{"embeddable":true,"href":"https:\/\/vecinosdelinterior.com\/index.php\/wp-json\/wp\/v2\/users\/1"}],"replies":[{"embeddable":true,"href":"https:\/\/vecinosdelinterior.com\/index.php\/wp-json\/wp\/v2\/comments?post=5793"}],"version-history":[{"count":1,"href":"https:\/\/vecinosdelinterior.com\/index.php\/wp-json\/wp\/v2\/posts\/5793\/revisions"}],"predecessor-version":[{"id":5795,"href":"https:\/\/vecinosdelinterior.com\/index.php\/wp-json\/wp\/v2\/posts\/5793\/revisions\/5795"}],"wp:featuredmedia":[{"embeddable":true,"href":"https:\/\/vecinosdelinterior.com\/index.php\/wp-json\/wp\/v2\/media\/5794"}],"wp:attachment":[{"href":"https:\/\/vecinosdelinterior.com\/index.php\/wp-json\/wp\/v2\/media?parent=5793"}],"wp:term":[{"taxonomy":"category","embeddable":true,"href":"https:\/\/vecinosdelinterior.com\/index.php\/wp-json\/wp\/v2\/categories?post=5793"},{"taxonomy":"post_tag","embeddable":true,"href":"https:\/\/vecinosdelinterior.com\/index.php\/wp-json\/wp\/v2\/tags?post=5793"}],"curies":[{"name":"wp","href":"https:\/\/api.w.org\/{rel}","templated":true}]}}