{"id":5796,"date":"2025-11-10T10:55:00","date_gmt":"2025-11-10T13:55:00","guid":{"rendered":"https:\/\/vecinosdelinterior.com\/?p=5796"},"modified":"2025-11-10T22:56:49","modified_gmt":"2025-11-11T01:56:49","slug":"san-francisco-del-monte-de-oro-disturbio-en-la-zona-de-cinco-esquinas-termino-con-un-conductor-alcoholizado-amenazas-al-personal-policial-y-tres-lesionados","status":"publish","type":"post","link":"https:\/\/vecinosdelinterior.com\/index.php\/2025\/11\/10\/san-francisco-del-monte-de-oro-disturbio-en-la-zona-de-cinco-esquinas-termino-con-un-conductor-alcoholizado-amenazas-al-personal-policial-y-tres-lesionados\/","title":{"rendered":"San Francisco del Monte de Oro: disturbio en la zona de Cinco Esquinas termin\u00f3 con un conductor alcoholizado, amenazas al personal policial y tres lesionados"},"content":{"rendered":"\n<p>Vecinos del Interior Puntano \/ 10 de noviembre<br>Durante la guardia comprendida entre los d\u00edas <em>9 y 10 de noviembre<\/em>, personal de la <em>Comisar\u00eda Distrito 14 de San Francisco del Monte de Oro<\/em>, dependiente de la <em>U.R.O.P. V<\/em>, intervino en una serie de hechos ocurridos en la zona conocida como <em>Cinco Esquinas<\/em>, que derivaron en <em>agresiones, amenazas al personal policial y la aprehensi\u00f3n de varios individuos en estado de ebriedad<\/em>.<br>El procedimiento se inici\u00f3 alrededor de las <em>20:52 del domingo<\/em>, tras una <em>comunicaci\u00f3n telef\u00f3nica de vecinos<\/em>, quienes advirtieron que un grupo de personas <em>consum\u00eda bebidas alcoh\u00f3licas en la v\u00eda p\u00fablica e insultaba y amenazaba<\/em> a quienes transitaban por el lugar, sin distinguir entre ni\u00f1os, j\u00f3venes o personas mayores.<br>Al arribar al sector \u2014<em>calle Eulalio Astudillo<\/em>, a la altura de la vivienda de una familia de apellido <em>Jofr\u00e9<\/em>\u2014, los uniformados constataron la presencia de <em>m\u00e1s de diez hombres consumiendo alcohol<\/em>. Algunos ingresaron a una vivienda al notar la llegada del personal policial, mientras que otros fueron <em>identificados en el lugar<\/em>. Adem\u00e1s, <em>dos veh\u00edculos que obstru\u00edan la calle<\/em> fueron correctamente reubicados tras la intervenci\u00f3n.<br>Durante el operativo, <em>dos hombres mayores de edad<\/em> comenzaron a <em>insultar y amenazar de muerte<\/em> al personal policial, especialmente a los efectivos residentes en la localidad. Luego de dispersarse el grupo, los agentes continuaron con los recorridos preventivos.<br>Minutos despu\u00e9s, a las <em>21:37<\/em>, los polic\u00edas interceptaron un <em>Fiat Palio rojo<\/em> que realizaba <em>maniobras peligrosas<\/em>. El conductor presentaba signos evidentes de ebriedad. Mientras se aguardaba la llegada del personal para realizar la <em>prueba de alcohotest<\/em>, varios de los individuos involucrados en los incidentes anteriores <em>regresaron al lugar y comenzaron a agredir verbalmente<\/em> a los efectivos, intentando entorpecer el procedimiento.<br>Los agresores se dieron a la fuga e <em>ingresaron por la fuerza a la vivienda de una vecina<\/em>, quien posteriormente <em>radic\u00f3 la denuncia correspondiente por violaci\u00f3n de domicilio<\/em>.<br>Momentos despu\u00e9s, y mientras se realizaba la prueba de alcoholemia al conductor del Fiat \u2014que arroj\u00f3 un resultado de <em>1,50 g\/l<\/em>\u2014, el grupo volvi\u00f3 a <em>arrojar piedras contra el personal y los m\u00f3viles policiales. Ante el riesgo real para la integridad f\u00edsica de los presentes<\/em>, los efectivos efectuaron <em>disparos disuasivos al suelo con cartuchos antitumulto<\/em>, logrando dispersar a los agresores.<br>Durante el enfrentamiento, <em>dos polic\u00edas resultaron lesionados<\/em> con impactos de piedras, mientras que <em>un hombre de apellido Jofr\u00e9<\/em>, identificado entre los protagonistas de los disturbios, sufri\u00f3 <em>heridas por perdigones de goma<\/em>.<br>El resultado del disturbio dejo a <em>un efectivo policial<\/em> escoriaciones en la pierna derecha, <em>otro efectivo policial<\/em> corte en la pierna izquierda y uno de los involucrados con dos perdigones de goma en brazo y pierna izquierda.<br>El veh\u00edculo involucrado fue <em>secuestrado y trasladado a la dependencia policial<\/em>, quedando a disposici\u00f3n del <em>Juzgado Penal, Juvenil y Contravencional de la Primera Circunscripci\u00f3n Judicial<\/em>, a cargo de la <em>Dra. Daniela Benenatti<\/em>.<br>Por disposici\u00f3n de la <em>Fiscal de la U.A.F., Dra. Bel\u00e9n Lucero Su\u00e1rez<\/em>, se orden\u00f3 la <em>formaci\u00f3n del I.P.H. (Informe Policial de Hecho)<\/em> y que la investigaci\u00f3n sea <em>instruida por personal judicial de otra dependencia<\/em>, a fin de garantizar la imparcialidad del procedimiento.<br>Finalmente, se inform\u00f3 que el hombre herido por los perdigones <em>fue trasladado al hospital local<\/em>, donde recibi\u00f3 atenci\u00f3n m\u00e9dica, y posteriormente <em>se retir\u00f3 por sus propios medios<\/em>, ya que no exist\u00eda orden de detenci\u00f3n vigente en su contra al momento del hecho. Sin embargo, se constat\u00f3 que el individuo <em>posee antecedentes policiales de diversa \u00edndole<\/em>, habiendo cumplido en el pasado medidas de <em>prisi\u00f3n preventiva por distintos hechos, con sentencias<\/em> que fueron oportunamente confirmadas por la Justicia.<\/p>\n","protected":false},"excerpt":{"rendered":"<p>Vecinos del Interior Puntano \/ 10 de noviembreDurante la guardia comprendida entre los d\u00edas 9 y 10 de noviembre, personal de la Comisar\u00eda Distrito 14 de San Francisco del Monte de Oro, dependiente de la U.R.O.P. V, intervino en una serie de hechos ocurridos en la zona conocida como Cinco Esquinas, que derivaron en agresiones, [&hellip;]<\/p>\n","protected":false},"author":1,"featured_media":5797,"comment_status":"open","ping_status":"open","sticky":false,"template":"","format":"standard","meta":{"footnotes":""},"categories":[8,9],"tags":[],"class_list":["post-5796","post","type-post","status-publish","format-standard","has-post-thumbnail","hentry","category-ayacucho","category-san-francisco"],"_links":{"self":[{"href":"https:\/\/vecinosdelinterior.com\/index.php\/wp-json\/wp\/v2\/posts\/5796","targetHints":{"allow":["GET"]}}],"collection":[{"href":"https:\/\/vecinosdelinterior.com\/index.php\/wp-json\/wp\/v2\/posts"}],"about":[{"href":"https:\/\/vecinosdelinterior.com\/index.php\/wp-json\/wp\/v2\/types\/post"}],"author":[{"embeddable":true,"href":"https:\/\/vecinosdelinterior.com\/index.php\/wp-json\/wp\/v2\/users\/1"}],"replies":[{"embeddable":true,"href":"https:\/\/vecinosdelinterior.com\/index.php\/wp-json\/wp\/v2\/comments?post=5796"}],"version-history":[{"count":1,"href":"https:\/\/vecinosdelinterior.com\/index.php\/wp-json\/wp\/v2\/posts\/5796\/revisions"}],"predecessor-version":[{"id":5798,"href":"https:\/\/vecinosdelinterior.com\/index.php\/wp-json\/wp\/v2\/posts\/5796\/revisions\/5798"}],"wp:featuredmedia":[{"embeddable":true,"href":"https:\/\/vecinosdelinterior.com\/index.php\/wp-json\/wp\/v2\/media\/5797"}],"wp:attachment":[{"href":"https:\/\/vecinosdelinterior.com\/index.php\/wp-json\/wp\/v2\/media?parent=5796"}],"wp:term":[{"taxonomy":"category","embeddable":true,"href":"https:\/\/vecinosdelinterior.com\/index.php\/wp-json\/wp\/v2\/categories?post=5796"},{"taxonomy":"post_tag","embeddable":true,"href":"https:\/\/vecinosdelinterior.com\/index.php\/wp-json\/wp\/v2\/tags?post=5796"}],"curies":[{"name":"wp","href":"https:\/\/api.w.org\/{rel}","templated":true}]}}