{"id":5802,"date":"2025-11-12T22:48:11","date_gmt":"2025-11-13T01:48:11","guid":{"rendered":"https:\/\/vecinosdelinterior.com\/?p=5802"},"modified":"2025-11-12T22:48:12","modified_gmt":"2025-11-13T01:48:12","slug":"lafinur-celebrara-el-146-aniversario-de-su-fundacion","status":"publish","type":"post","link":"https:\/\/vecinosdelinterior.com\/index.php\/2025\/11\/12\/lafinur-celebrara-el-146-aniversario-de-su-fundacion\/","title":{"rendered":"Lafinur celebrar\u00e1 el 146\u00b0 aniversario de su fundaci\u00f3n"},"content":{"rendered":"\n<p>VECINOSDELINTERIOR.COM \/ 12 DE NOVIEMBRE<br>Este a\u00f1o, la localidad del departamento Jun\u00edn conmemora 146 a\u00f1os desde su fundaci\u00f3n en 1856, cuando fue llamada \u2018Tras la Loma\u2019. El evento ser\u00e1 el viernes 14 de noviembre en el Polideportivo Municipal.<br>Este a\u00f1o, la localidad de Lafinur, del departamento Jun\u00edn, cumplir\u00e1 146 a\u00f1os. Se celebrar\u00e1 el viernes 14 de noviembre, desde las 20:00 en el Polideportivo Municipal. Es una ocasi\u00f3n para detenerse, recordar su historia, valorar sus tradiciones y pensar en su potencial tur\u00edstico y cultural.<br>El evento comenzar\u00e1 con un acto protocolar, posteriormente se presentar\u00e1n n\u00fameros folcl\u00f3ricos. Habr\u00e1 gastronom\u00eda local y el cierre de la noche estar\u00e1 a cargo de \u2018Azul Marino\u2019.<br>Lafinur, originalmente conocida como Paraje \u2018Tras la Loma\u2019, fue fundada en 1856. Se encuentra en una zona rural del norte de la provincia de San Luis. A lo largo del tiempo, el pueblo se ha forjado como comunidad agr\u00edcola y de vida tranquila, rodeada de campos y parajes cercanos al r\u00edo Conlara, que atraviesa la zona.<br>Esta localidad se caracteriza por la naturaleza que invita a desconectar y disfrutar de su tranquilidad. Desde la plaza Independencia hasta paisajes plenos de belleza que lo rodean, cada rinc\u00f3n es un reflejo de la calidez de su gente, que d\u00eda a d\u00eda hacen culto a su historia y sus costumbres.<br>Tradiciones y atractivos culturales<br>\u2013 Paraje de La Lomita, donde est\u00e1 ubicada la capilla de Santa Rita de Casia, que del 22 al 25 de mayo congrega a numerosos fieles, de distintos puntos de la regi\u00f3n, en peregrinaci\u00f3n.<br>\u2013 Paraje de Los Cajones (\u2018cajones\u2019 por los grandes huecos naturales donde el r\u00edo reten\u00eda agua), que pertenece a la jurisdicci\u00f3n de Lafinur y forma parte del paisaje y la identidad local.<br>\u2013 Fiesta de apertura de temporada tur\u00edstica. El 8 de noviembre de 2025 se convoc\u00f3 a vecinas, vecinos y visitantes para la inauguraci\u00f3n del balneario municipal. Se puede visitar durante toda la semana y dispone de pileta, sanitarios y proveedur\u00eda, es ideal para festejar fiestas y cumplea\u00f1os.<br>\u2013 Festival Provincial de la Alfalfa: se celebra en enero de cada a\u00f1o, en el Polideportivo Municipal. El 2026 traer\u00e1 consigo su 36 edici\u00f3n. El evento incluye artistas de trascendencia nacional y regional, adem\u00e1s de puestos de comidas t\u00edpicas, sorteos y la elecci\u00f3n de la embajadora oficial del festival.<\/p>\n","protected":false},"excerpt":{"rendered":"<p>VECINOSDELINTERIOR.COM \/ 12 DE NOVIEMBREEste a\u00f1o, la localidad del departamento Jun\u00edn conmemora 146 a\u00f1os desde su fundaci\u00f3n en 1856, cuando fue llamada \u2018Tras la Loma\u2019. El evento ser\u00e1 el viernes 14 de noviembre en el Polideportivo Municipal.Este a\u00f1o, la localidad de Lafinur, del departamento Jun\u00edn, cumplir\u00e1 146 a\u00f1os. Se celebrar\u00e1 el viernes 14 de noviembre, [&hellip;]<\/p>\n","protected":false},"author":1,"featured_media":5803,"comment_status":"open","ping_status":"open","sticky":false,"template":"","format":"standard","meta":{"footnotes":""},"categories":[23,187],"tags":[],"class_list":["post-5802","post","type-post","status-publish","format-standard","has-post-thumbnail","hentry","category-junin","category-lafinur"],"_links":{"self":[{"href":"https:\/\/vecinosdelinterior.com\/index.php\/wp-json\/wp\/v2\/posts\/5802","targetHints":{"allow":["GET"]}}],"collection":[{"href":"https:\/\/vecinosdelinterior.com\/index.php\/wp-json\/wp\/v2\/posts"}],"about":[{"href":"https:\/\/vecinosdelinterior.com\/index.php\/wp-json\/wp\/v2\/types\/post"}],"author":[{"embeddable":true,"href":"https:\/\/vecinosdelinterior.com\/index.php\/wp-json\/wp\/v2\/users\/1"}],"replies":[{"embeddable":true,"href":"https:\/\/vecinosdelinterior.com\/index.php\/wp-json\/wp\/v2\/comments?post=5802"}],"version-history":[{"count":1,"href":"https:\/\/vecinosdelinterior.com\/index.php\/wp-json\/wp\/v2\/posts\/5802\/revisions"}],"predecessor-version":[{"id":5804,"href":"https:\/\/vecinosdelinterior.com\/index.php\/wp-json\/wp\/v2\/posts\/5802\/revisions\/5804"}],"wp:featuredmedia":[{"embeddable":true,"href":"https:\/\/vecinosdelinterior.com\/index.php\/wp-json\/wp\/v2\/media\/5803"}],"wp:attachment":[{"href":"https:\/\/vecinosdelinterior.com\/index.php\/wp-json\/wp\/v2\/media?parent=5802"}],"wp:term":[{"taxonomy":"category","embeddable":true,"href":"https:\/\/vecinosdelinterior.com\/index.php\/wp-json\/wp\/v2\/categories?post=5802"},{"taxonomy":"post_tag","embeddable":true,"href":"https:\/\/vecinosdelinterior.com\/index.php\/wp-json\/wp\/v2\/tags?post=5802"}],"curies":[{"name":"wp","href":"https:\/\/api.w.org\/{rel}","templated":true}]}}