{"id":581,"date":"2023-08-29T10:27:59","date_gmt":"2023-08-29T13:27:59","guid":{"rendered":"https:\/\/vecinosdelinterior.com\/?p=581"},"modified":"2023-08-29T10:28:00","modified_gmt":"2023-08-29T13:28:00","slug":"detectan-un-nuevo-incendio-en-las-sierras-cerca-de-san-francisco-del-monte-de-oro","status":"publish","type":"post","link":"https:\/\/vecinosdelinterior.com\/index.php\/2023\/08\/29\/detectan-un-nuevo-incendio-en-las-sierras-cerca-de-san-francisco-del-monte-de-oro\/","title":{"rendered":"Detectan un nuevo incendio en las sierras, cerca de San Francisco del Monte de Oro"},"content":{"rendered":"\n<p><br>Los cuarteles de Bomberos de El Trapiche y La Carolina reportaron este lunes un nuevo incendio en la zona serrana, en jurisdicci\u00f3n de San Francisco del Monte de Oro.<\/p>\n\n\n\n<figure class=\"wp-block-image size-full\"><img fetchpriority=\"high\" decoding=\"async\" width=\"593\" height=\"395\" src=\"https:\/\/vecinosdelinterior.com\/wp-content\/uploads\/2023\/08\/alertincendio.jpg\" alt=\"\" class=\"wp-image-582\" srcset=\"https:\/\/vecinosdelinterior.com\/wp-content\/uploads\/2023\/08\/alertincendio.jpg 593w, https:\/\/vecinosdelinterior.com\/wp-content\/uploads\/2023\/08\/alertincendio-300x200.jpg 300w\" sizes=\"(max-width: 593px) 100vw, 593px\" \/><\/figure>\n\n\n\n<p>De acuerdo a los informes, el fuego se habr\u00eda iniciado en la noche del domingo y se extendi\u00f3 por acci\u00f3n del viento. A\u00fan hasta la tarde del lunes, el incendio se desarrolla en un sector de dif\u00edcil acceso.<\/p>\n\n\n\n<p>\u201cEl incendio se encuentra en un lugar muy complejo por la topograf\u00eda del terreno, hecho que dificulta la labor de el personal de bomberos tanto de nuestra jurisdicci\u00f3n como la de San Francisco\u201d, comunic\u00f3 el cuartel de La Carolina.<\/p>\n\n\n\n<p>De todas maneras, desde Bomberos afirmaron que \u201cse est\u00e1 realizando vigilancia de la evoluci\u00f3n\u201d del siniestro \u201chasta que se encuentre en una zona m\u00e1s favorable para el trabajo del personal\u201d.<\/p>\n\n\n\n<p>Ambos cuarteles, adem\u00e1s, manifestaron encontrarse en alerta a la espera de la convocatoria para asistir a combatir las llamas.<\/p>\n","protected":false},"excerpt":{"rendered":"<p>Los cuarteles de Bomberos de El Trapiche y La Carolina reportaron este lunes un nuevo incendio en la zona serrana, en jurisdicci\u00f3n de San Francisco del Monte de Oro. De acuerdo a los informes, el fuego se habr\u00eda iniciado en la noche del domingo y se extendi\u00f3 por acci\u00f3n del viento. A\u00fan hasta la tarde [&hellip;]<\/p>\n","protected":false},"author":1,"featured_media":582,"comment_status":"open","ping_status":"open","sticky":false,"template":"","format":"standard","meta":{"footnotes":""},"categories":[8,9],"tags":[77,11],"class_list":["post-581","post","type-post","status-publish","format-standard","has-post-thumbnail","hentry","category-ayacucho","category-san-francisco","tag-incendio","tag-san-francisco"],"_links":{"self":[{"href":"https:\/\/vecinosdelinterior.com\/index.php\/wp-json\/wp\/v2\/posts\/581","targetHints":{"allow":["GET"]}}],"collection":[{"href":"https:\/\/vecinosdelinterior.com\/index.php\/wp-json\/wp\/v2\/posts"}],"about":[{"href":"https:\/\/vecinosdelinterior.com\/index.php\/wp-json\/wp\/v2\/types\/post"}],"author":[{"embeddable":true,"href":"https:\/\/vecinosdelinterior.com\/index.php\/wp-json\/wp\/v2\/users\/1"}],"replies":[{"embeddable":true,"href":"https:\/\/vecinosdelinterior.com\/index.php\/wp-json\/wp\/v2\/comments?post=581"}],"version-history":[{"count":1,"href":"https:\/\/vecinosdelinterior.com\/index.php\/wp-json\/wp\/v2\/posts\/581\/revisions"}],"predecessor-version":[{"id":583,"href":"https:\/\/vecinosdelinterior.com\/index.php\/wp-json\/wp\/v2\/posts\/581\/revisions\/583"}],"wp:featuredmedia":[{"embeddable":true,"href":"https:\/\/vecinosdelinterior.com\/index.php\/wp-json\/wp\/v2\/media\/582"}],"wp:attachment":[{"href":"https:\/\/vecinosdelinterior.com\/index.php\/wp-json\/wp\/v2\/media?parent=581"}],"wp:term":[{"taxonomy":"category","embeddable":true,"href":"https:\/\/vecinosdelinterior.com\/index.php\/wp-json\/wp\/v2\/categories?post=581"},{"taxonomy":"post_tag","embeddable":true,"href":"https:\/\/vecinosdelinterior.com\/index.php\/wp-json\/wp\/v2\/tags?post=581"}],"curies":[{"name":"wp","href":"https:\/\/api.w.org\/{rel}","templated":true}]}}