{"id":5817,"date":"2025-11-15T20:25:17","date_gmt":"2025-11-15T23:25:17","guid":{"rendered":"https:\/\/vecinosdelinterior.com\/?p=5817"},"modified":"2025-11-16T20:26:49","modified_gmt":"2025-11-16T23:26:49","slug":"una-mujer-resulto-herida-tras-un-accidente-automovilistico-en-la-autopista-de-las-serranias-puntanas-entre-jarilla-y-alto-pencoso","status":"publish","type":"post","link":"https:\/\/vecinosdelinterior.com\/index.php\/2025\/11\/15\/una-mujer-resulto-herida-tras-un-accidente-automovilistico-en-la-autopista-de-las-serranias-puntanas-entre-jarilla-y-alto-pencoso\/","title":{"rendered":"Una mujer result\u00f3 herida tras un accidente automovil\u00edstico en la Autopista de las Serran\u00edas Puntanas entre Jarilla y Alto Pencoso"},"content":{"rendered":"\n<p>VECINOSDELINTERIOR.COM \/ 15 DE NOVIEMBRE<br>Desde la Comisar\u00eda Distrito 48\u00b0 de Balde informaron que este s\u00e1bado 15 de noviembre, alrededor de las 9:00, se produjo un accidente de tr\u00e1nsito a la altura del kil\u00f3metro 848 de la Autopista de las Serran\u00edas Puntanas, entre las localidades de Jarilla y Alto Pencoso.<br>De acuerdo a las averiguaciones policiales, una mujer de 81 a\u00f1os de edad (con domicilio en la provincia de Mendoza), conduc\u00eda de oeste a este un autom\u00f3vil Peugeot 208 y, por razones que se tratan de establecer, en ese sector de la autopista perdi\u00f3 el control del veh\u00edculo, el cual despist\u00f3 e impact\u00f3 contra un \u00e1rbol ubicado al costado derecho de la banquina.<br>La mujer fue asistida en el lugar por personal m\u00e9dico del sistema de salud p\u00fablica provincial. Posteriormente fue trasladada en ambulancia hacia el Hospital Central \u201cDr. Ram\u00f3n Carrillo\u201d de la ciudad de San Luis para recibir atenci\u00f3n m\u00e9dica m\u00e1s compleja debido a los golpes sufridos por el impacto.<br>En el lugar trabajaron efectivos de la Comisar\u00eda Distrito de Balde y de la Direcci\u00f3n General de Polic\u00eda Caminera y Seguridad Vial, quienes continuaron con las diligencias de rigor para determinar las causas exactas del siniestro vial.<\/p>\n\n\n\n<figure class=\"wp-block-image size-large\"><img fetchpriority=\"high\" decoding=\"async\" width=\"1024\" height=\"666\" src=\"https:\/\/vecinosdelinterior.com\/wp-content\/uploads\/2025\/11\/583341310_703477779469578_464524672234628659_n-1024x666.jpg\" alt=\"\" class=\"wp-image-5818\" srcset=\"https:\/\/vecinosdelinterior.com\/wp-content\/uploads\/2025\/11\/583341310_703477779469578_464524672234628659_n-1024x666.jpg 1024w, https:\/\/vecinosdelinterior.com\/wp-content\/uploads\/2025\/11\/583341310_703477779469578_464524672234628659_n-300x195.jpg 300w, https:\/\/vecinosdelinterior.com\/wp-content\/uploads\/2025\/11\/583341310_703477779469578_464524672234628659_n-768x500.jpg 768w, https:\/\/vecinosdelinterior.com\/wp-content\/uploads\/2025\/11\/583341310_703477779469578_464524672234628659_n-750x488.jpg 750w, https:\/\/vecinosdelinterior.com\/wp-content\/uploads\/2025\/11\/583341310_703477779469578_464524672234628659_n-1140x742.jpg 1140w, https:\/\/vecinosdelinterior.com\/wp-content\/uploads\/2025\/11\/583341310_703477779469578_464524672234628659_n.jpg 1466w\" sizes=\"(max-width: 1024px) 100vw, 1024px\" \/><\/figure>\n","protected":false},"excerpt":{"rendered":"<p>VECINOSDELINTERIOR.COM \/ 15 DE NOVIEMBREDesde la Comisar\u00eda Distrito 48\u00b0 de Balde informaron que este s\u00e1bado 15 de noviembre, alrededor de las 9:00, se produjo un accidente de tr\u00e1nsito a la altura del kil\u00f3metro 848 de la Autopista de las Serran\u00edas Puntanas, entre las localidades de Jarilla y Alto Pencoso.De acuerdo a las averiguaciones policiales, una [&hellip;]<\/p>\n","protected":false},"author":1,"featured_media":5818,"comment_status":"open","ping_status":"open","sticky":false,"template":"","format":"standard","meta":{"footnotes":""},"categories":[382,12],"tags":[],"class_list":["post-5817","post","type-post","status-publish","format-standard","has-post-thumbnail","hentry","category-balde","category-pueyrredon"],"_links":{"self":[{"href":"https:\/\/vecinosdelinterior.com\/index.php\/wp-json\/wp\/v2\/posts\/5817","targetHints":{"allow":["GET"]}}],"collection":[{"href":"https:\/\/vecinosdelinterior.com\/index.php\/wp-json\/wp\/v2\/posts"}],"about":[{"href":"https:\/\/vecinosdelinterior.com\/index.php\/wp-json\/wp\/v2\/types\/post"}],"author":[{"embeddable":true,"href":"https:\/\/vecinosdelinterior.com\/index.php\/wp-json\/wp\/v2\/users\/1"}],"replies":[{"embeddable":true,"href":"https:\/\/vecinosdelinterior.com\/index.php\/wp-json\/wp\/v2\/comments?post=5817"}],"version-history":[{"count":1,"href":"https:\/\/vecinosdelinterior.com\/index.php\/wp-json\/wp\/v2\/posts\/5817\/revisions"}],"predecessor-version":[{"id":5819,"href":"https:\/\/vecinosdelinterior.com\/index.php\/wp-json\/wp\/v2\/posts\/5817\/revisions\/5819"}],"wp:featuredmedia":[{"embeddable":true,"href":"https:\/\/vecinosdelinterior.com\/index.php\/wp-json\/wp\/v2\/media\/5818"}],"wp:attachment":[{"href":"https:\/\/vecinosdelinterior.com\/index.php\/wp-json\/wp\/v2\/media?parent=5817"}],"wp:term":[{"taxonomy":"category","embeddable":true,"href":"https:\/\/vecinosdelinterior.com\/index.php\/wp-json\/wp\/v2\/categories?post=5817"},{"taxonomy":"post_tag","embeddable":true,"href":"https:\/\/vecinosdelinterior.com\/index.php\/wp-json\/wp\/v2\/tags?post=5817"}],"curies":[{"name":"wp","href":"https:\/\/api.w.org\/{rel}","templated":true}]}}